{"id":5293,"date":"2022-11-10T11:35:27","date_gmt":"2022-11-10T11:35:27","guid":{"rendered":"https:\/\/primer-impacto.com\/?p=5293"},"modified":"2023-05-30T09:50:42","modified_gmt":"2023-05-30T09:50:42","slug":"black-friday-prepara-tu-marca-en-el-pdv","status":"publish","type":"post","link":"https:\/\/primer-impacto.com\/pt\/black-friday-prepara-tu-marca-en-el-pdv\/","title":{"rendered":"Black Friday: \u00bfC\u00f3mo preparar tu marca en el PDV para la temporada?"},"content":{"rendered":"<p>La cuenta atr\u00e1s est\u00e1 en marcha\u2026\u23f0\u00a0<\/p>\n\n\n\n<h2 class=\"wp-block-heading has-medium-font-size\">El Black Friday est\u00e1 en camino<\/h2>\n\n\n\n<p>En Primer Impacto sabemos la importancia del Black Friday. Esta es una temporada de alto volumen de ventas y es importante que te asegures de que todo est\u00e1 a punto en el canal para que tu marca est\u00e9 en el top de su categor\u00eda. \ud83d\udd25&nbsp;<\/p>\n\n\n\n<p>Hoy te compartimos una checklist para que no se te escape ni un solo detalle en este gran d\u00eda \ud83d\udc98 y \u00a1comparte si te ha parecido \u00fatil! \ud83d\udc47<\/p>\n\n\n\n<p>#primerimpacto #blackfriday #puntodeventa #pdv<\/p>\n\n\n<div class=\"wp-block-image\">\n<figure class=\"aligncenter size-large is-resized\"><img fetchpriority=\"high\" decoding=\"async\" src=\"https:\/\/primer-impacto.com\/wp-content\/uploads\/2022\/11\/Infografia-PI-28-1-802x1024.png\" alt=\"\" class=\"wp-image-5294\" width=\"638\" height=\"815\" srcset=\"https:\/\/primer-impacto.com\/wp-content\/uploads\/2022\/11\/Infografia-PI-28-1-802x1024.png 802w, https:\/\/primer-impacto.com\/wp-content\/uploads\/2022\/11\/Infografia-PI-28-1-235x300.png 235w, https:\/\/primer-impacto.com\/wp-content\/uploads\/2022\/11\/Infografia-PI-28-1-768x980.png 768w, https:\/\/primer-impacto.com\/wp-content\/uploads\/2022\/11\/Infografia-PI-28-1-1204x1536.png 1204w, https:\/\/primer-impacto.com\/wp-content\/uploads\/2022\/11\/Infografia-PI-28-1-1605x2048.png 1605w, https:\/\/primer-impacto.com\/wp-content\/uploads\/2022\/11\/Infografia-PI-28-1.png 1662w\" sizes=\"(max-width: 638px) 100vw, 638px\" \/><\/figure>\n<\/div>\n\n\n<h3 class=\"wp-block-heading has-text-align-center has-text-color\" style=\"color:#f3003a;font-size:26px\"><a href=\"https:\/\/primer-impacto.com\/pt\/como-el-consumidor-percibe-estas-navidades\/\">Inf\u00f3rmate AQU\u00cd sobre c\u00f3mo el consumidor percibe las Navidades <\/a><\/h3>","protected":false},"excerpt":{"rendered":"<p>La cuenta atr\u00e1s est\u00e1 en marcha\u2026\u23f0\u00a0 El Black Friday est\u00e1 en camino En Primer Impacto sabemos la importancia del Black Friday. Esta es una temporada de alto volumen de ventas y es importante que te asegures de que todo est\u00e1 a punto en el canal para que tu marca est\u00e9 en el top de su [&hellip;]<\/p>","protected":false},"author":1,"featured_media":5296,"comment_status":"closed","ping_status":"open","sticky":false,"template":"","format":"standard","meta":{"inline_featured_image":false,"footnotes":""},"categories":[258],"tags":[304,255],"class_list":["post-5293","post","type-post","status-publish","format-standard","has-post-thumbnail","hentry","category-gestion-de-pdv","tag-black-friday","tag-infografia"],"yoast_head":"<!-- This site is optimized with the Yoast SEO plugin v22.9 - https:\/\/yoast.com\/wordpress\/plugins\/seo\/ -->\n<title>Black Friday: Prepara tu marca en el PDV - Primer impacto<\/title>\n<meta name=\"description\" content=\"En Primer Impacto sabemos la importancia del Black Friday. Esta es una temporada de alto volumen de ventas y te ayudamos con esta infograf\u00eda\" \/>\n<meta name=\"robots\" content=\"index, follow, max-snippet:-1, max-image-preview:large, max-video-preview:-1\" \/>\n<link rel=\"canonical\" href=\"https:\/\/primer-impacto.com\/pt\/black-friday-prepara-tu-marca-en-el-pdv\/\" \/>\n<meta property=\"og:locale\" content=\"pt_PT\" \/>\n<meta property=\"og:type\" content=\"article\" \/>\n<meta property=\"og:title\" content=\"Black Friday: Prepara tu marca en el PDV - Primer impacto\" \/>\n<meta property=\"og:description\" content=\"En Primer Impacto sabemos la importancia del Black Friday. Esta es una temporada de alto volumen de ventas y te ayudamos con esta infograf\u00eda\" \/>\n<meta property=\"og:url\" content=\"https:\/\/primer-impacto.com\/pt\/black-friday-prepara-tu-marca-en-el-pdv\/\" \/>\n<meta property=\"og:site_name\" content=\"Primer impacto\" \/>\n<meta property=\"article:published_time\" content=\"2022-11-10T11:35:27+00:00\" \/>\n<meta property=\"article:modified_time\" content=\"2023-05-30T09:50:42+00:00\" \/>\n<meta property=\"og:image\" content=\"https:\/\/primer-impacto.com\/wp-content\/uploads\/2022\/11\/Infografia_Infografi\u2560ua-09.png\" \/>\n\t<meta property=\"og:image:width\" content=\"513\" \/>\n\t<meta property=\"og:image:height\" content=\"405\" \/>\n\t<meta property=\"og:image:type\" content=\"image\/png\" \/>\n<meta name=\"author\" content=\"admin\" \/>\n<meta name=\"twitter:card\" content=\"summary_large_image\" \/>\n<meta name=\"twitter:label1\" content=\"Escrito por\" \/>\n\t<meta name=\"twitter:data1\" content=\"admin\" \/>\n\t<meta name=\"twitter:label2\" content=\"Tempo estimado de leitura\" \/>\n\t<meta name=\"twitter:data2\" content=\"1 minuto\" \/>\n<script type=\"application\/ld+json\" class=\"yoast-schema-graph\">{\"@context\":\"https:\/\/schema.org\",\"@graph\":[{\"@type\":\"Article\",\"@id\":\"https:\/\/primer-impacto.com\/black-friday-prepara-tu-marca-en-el-pdv\/#article\",\"isPartOf\":{\"@id\":\"https:\/\/primer-impacto.com\/black-friday-prepara-tu-marca-en-el-pdv\/\"},\"author\":{\"name\":\"admin\",\"@id\":\"https:\/\/primer-impacto.com\/#\/schema\/person\/a5fde16f13962a866147b25c0e3f6629\"},\"headline\":\"Black Friday: \u00bfC\u00f3mo preparar tu marca en el PDV para la temporada?\",\"datePublished\":\"2022-11-10T11:35:27+00:00\",\"dateModified\":\"2023-05-30T09:50:42+00:00\",\"mainEntityOfPage\":{\"@id\":\"https:\/\/primer-impacto.com\/black-friday-prepara-tu-marca-en-el-pdv\/\"},\"wordCount\":114,\"publisher\":{\"@id\":\"https:\/\/primer-impacto.com\/#organization\"},\"image\":{\"@id\":\"https:\/\/primer-impacto.com\/black-friday-prepara-tu-marca-en-el-pdv\/#primaryimage\"},\"thumbnailUrl\":\"https:\/\/primer-impacto.com\/wp-content\/uploads\/2022\/11\/Infografia_Infografi\u2560ua-09.png\",\"keywords\":[\"black friday\",\"Infograf\u00eda\"],\"articleSection\":[\"Gesti\u00f3n del PDV\"],\"inLanguage\":\"pt-PT\"},{\"@type\":\"WebPage\",\"@id\":\"https:\/\/primer-impacto.com\/black-friday-prepara-tu-marca-en-el-pdv\/\",\"url\":\"https:\/\/primer-impacto.com\/black-friday-prepara-tu-marca-en-el-pdv\/\",\"name\":\"Black Friday: Prepara tu marca en el PDV - Primer impacto\",\"isPartOf\":{\"@id\":\"https:\/\/primer-impacto.com\/#website\"},\"primaryImageOfPage\":{\"@id\":\"https:\/\/primer-impacto.com\/black-friday-prepara-tu-marca-en-el-pdv\/#primaryimage\"},\"image\":{\"@id\":\"https:\/\/primer-impacto.com\/black-friday-prepara-tu-marca-en-el-pdv\/#primaryimage\"},\"thumbnailUrl\":\"https:\/\/primer-impacto.com\/wp-content\/uploads\/2022\/11\/Infografia_Infografi\u2560ua-09.png\",\"datePublished\":\"2022-11-10T11:35:27+00:00\",\"dateModified\":\"2023-05-30T09:50:42+00:00\",\"description\":\"En Primer Impacto sabemos la importancia del Black Friday. Esta es una temporada de alto volumen de ventas y te ayudamos con esta infograf\u00eda\",\"breadcrumb\":{\"@id\":\"https:\/\/primer-impacto.com\/black-friday-prepara-tu-marca-en-el-pdv\/#breadcrumb\"},\"inLanguage\":\"pt-PT\",\"potentialAction\":[{\"@type\":\"ReadAction\",\"target\":[\"https:\/\/primer-impacto.com\/black-friday-prepara-tu-marca-en-el-pdv\/\"]}]},{\"@type\":\"ImageObject\",\"inLanguage\":\"pt-PT\",\"@id\":\"https:\/\/primer-impacto.com\/black-friday-prepara-tu-marca-en-el-pdv\/#primaryimage\",\"url\":\"https:\/\/primer-impacto.com\/wp-content\/uploads\/2022\/11\/Infografia_Infografi\u2560ua-09.png\",\"contentUrl\":\"https:\/\/primer-impacto.com\/wp-content\/uploads\/2022\/11\/Infografia_Infografi\u2560ua-09.png\",\"width\":513,\"height\":405,\"caption\":\"black friday\"},{\"@type\":\"BreadcrumbList\",\"@id\":\"https:\/\/primer-impacto.com\/black-friday-prepara-tu-marca-en-el-pdv\/#breadcrumb\",\"itemListElement\":[{\"@type\":\"ListItem\",\"position\":1,\"name\":\"Portada\",\"item\":\"https:\/\/primer-impacto.com\/\"},{\"@type\":\"ListItem\",\"position\":2,\"name\":\"Black Friday: \u00bfC\u00f3mo preparar tu marca en el PDV para la temporada?\"}]},{\"@type\":\"WebSite\",\"@id\":\"https:\/\/primer-impacto.com\/#website\",\"url\":\"https:\/\/primer-impacto.com\/\",\"name\":\"Primer impacto\",\"description\":\"Especialistas en servicios en el Punto de Venta\",\"publisher\":{\"@id\":\"https:\/\/primer-impacto.com\/#organization\"},\"potentialAction\":[{\"@type\":\"SearchAction\",\"target\":{\"@type\":\"EntryPoint\",\"urlTemplate\":\"https:\/\/primer-impacto.com\/?s={search_term_string}\"},\"query-input\":\"required name=search_term_string\"}],\"inLanguage\":\"pt-PT\"},{\"@type\":\"Organization\",\"@id\":\"https:\/\/primer-impacto.com\/#organization\",\"name\":\"Primer Impacto\",\"url\":\"https:\/\/primer-impacto.com\/\",\"logo\":{\"@type\":\"ImageObject\",\"inLanguage\":\"pt-PT\",\"@id\":\"https:\/\/primer-impacto.com\/#\/schema\/logo\/image\/\",\"url\":\"https:\/\/primer-impacto.com\/wp-content\/uploads\/2022\/07\/logo_pi.png\",\"contentUrl\":\"https:\/\/primer-impacto.com\/wp-content\/uploads\/2022\/07\/logo_pi.png\",\"width\":377,\"height\":377,\"caption\":\"Primer Impacto\"},\"image\":{\"@id\":\"https:\/\/primer-impacto.com\/#\/schema\/logo\/image\/\"}},{\"@type\":\"Person\",\"@id\":\"https:\/\/primer-impacto.com\/#\/schema\/person\/a5fde16f13962a866147b25c0e3f6629\",\"name\":\"admin\",\"image\":{\"@type\":\"ImageObject\",\"inLanguage\":\"pt-PT\",\"@id\":\"https:\/\/primer-impacto.com\/#\/schema\/person\/image\/\",\"url\":\"https:\/\/secure.gravatar.com\/avatar\/9d4580a48cd1910cc51e0dfd3fd063c0caadea953e64fb47c872043d240ffeab?s=96&d=mm&r=g\",\"contentUrl\":\"https:\/\/secure.gravatar.com\/avatar\/9d4580a48cd1910cc51e0dfd3fd063c0caadea953e64fb47c872043d240ffeab?s=96&d=mm&r=g\",\"caption\":\"admin\"},\"sameAs\":[\"https:\/\/primer-impacto.com\"]}]}<\/script>\n<!-- \/ Yoast SEO plugin. -->","yoast_head_json":{"title":"Black Friday: Prepara tu marca en el PDV - Primer impacto","description":"En Primer Impacto sabemos la importancia del Black Friday. Esta es una temporada de alto volumen de ventas y te ayudamos con esta infograf\u00eda","robots":{"index":"index","follow":"follow","max-snippet":"max-snippet:-1","max-image-preview":"max-image-preview:large","max-video-preview":"max-video-preview:-1"},"canonical":"https:\/\/primer-impacto.com\/pt\/black-friday-prepara-tu-marca-en-el-pdv\/","og_locale":"pt_PT","og_type":"article","og_title":"Black Friday: Prepara tu marca en el PDV - Primer impacto","og_description":"En Primer Impacto sabemos la importancia del Black Friday. Esta es una temporada de alto volumen de ventas y te ayudamos con esta infograf\u00eda","og_url":"https:\/\/primer-impacto.com\/pt\/black-friday-prepara-tu-marca-en-el-pdv\/","og_site_name":"Primer impacto","article_published_time":"2022-11-10T11:35:27+00:00","article_modified_time":"2023-05-30T09:50:42+00:00","og_image":[{"width":513,"height":405,"url":"https:\/\/primer-impacto.com\/wp-content\/uploads\/2022\/11\/Infografia_Infografi\u2560ua-09.png","type":"image\/png"}],"author":"admin","twitter_card":"summary_large_image","twitter_misc":{"Escrito por":"admin","Tempo estimado de leitura":"1 minuto"},"schema":{"@context":"https:\/\/schema.org","@graph":[{"@type":"Article","@id":"https:\/\/primer-impacto.com\/black-friday-prepara-tu-marca-en-el-pdv\/#article","isPartOf":{"@id":"https:\/\/primer-impacto.com\/black-friday-prepara-tu-marca-en-el-pdv\/"},"author":{"name":"admin","@id":"https:\/\/primer-impacto.com\/#\/schema\/person\/a5fde16f13962a866147b25c0e3f6629"},"headline":"Black Friday: \u00bfC\u00f3mo preparar tu marca en el PDV para la temporada?","datePublished":"2022-11-10T11:35:27+00:00","dateModified":"2023-05-30T09:50:42+00:00","mainEntityOfPage":{"@id":"https:\/\/primer-impacto.com\/black-friday-prepara-tu-marca-en-el-pdv\/"},"wordCount":114,"publisher":{"@id":"https:\/\/primer-impacto.com\/#organization"},"image":{"@id":"https:\/\/primer-impacto.com\/black-friday-prepara-tu-marca-en-el-pdv\/#primaryimage"},"thumbnailUrl":"https:\/\/primer-impacto.com\/wp-content\/uploads\/2022\/11\/Infografia_Infografi\u2560ua-09.png","keywords":["black friday","Infograf\u00eda"],"articleSection":["Gesti\u00f3n del PDV"],"inLanguage":"pt-PT"},{"@type":"WebPage","@id":"https:\/\/primer-impacto.com\/black-friday-prepara-tu-marca-en-el-pdv\/","url":"https:\/\/primer-impacto.com\/black-friday-prepara-tu-marca-en-el-pdv\/","name":"Black Friday: Prepara tu marca en el PDV - Primer impacto","isPartOf":{"@id":"https:\/\/primer-impacto.com\/#website"},"primaryImageOfPage":{"@id":"https:\/\/primer-impacto.com\/black-friday-prepara-tu-marca-en-el-pdv\/#primaryimage"},"image":{"@id":"https:\/\/primer-impacto.com\/black-friday-prepara-tu-marca-en-el-pdv\/#primaryimage"},"thumbnailUrl":"https:\/\/primer-impacto.com\/wp-content\/uploads\/2022\/11\/Infografia_Infografi\u2560ua-09.png","datePublished":"2022-11-10T11:35:27+00:00","dateModified":"2023-05-30T09:50:42+00:00","description":"En Primer Impacto sabemos la importancia del Black Friday. Esta es una temporada de alto volumen de ventas y te ayudamos con esta infograf\u00eda","breadcrumb":{"@id":"https:\/\/primer-impacto.com\/black-friday-prepara-tu-marca-en-el-pdv\/#breadcrumb"},"inLanguage":"pt-PT","potentialAction":[{"@type":"ReadAction","target":["https:\/\/primer-impacto.com\/black-friday-prepara-tu-marca-en-el-pdv\/"]}]},{"@type":"ImageObject","inLanguage":"pt-PT","@id":"https:\/\/primer-impacto.com\/black-friday-prepara-tu-marca-en-el-pdv\/#primaryimage","url":"https:\/\/primer-impacto.com\/wp-content\/uploads\/2022\/11\/Infografia_Infografi\u2560ua-09.png","contentUrl":"https:\/\/primer-impacto.com\/wp-content\/uploads\/2022\/11\/Infografia_Infografi\u2560ua-09.png","width":513,"height":405,"caption":"black friday"},{"@type":"BreadcrumbList","@id":"https:\/\/primer-impacto.com\/black-friday-prepara-tu-marca-en-el-pdv\/#breadcrumb","itemListElement":[{"@type":"ListItem","position":1,"name":"Portada","item":"https:\/\/primer-impacto.com\/"},{"@type":"ListItem","position":2,"name":"Black Friday: \u00bfC\u00f3mo preparar tu marca en el PDV para la temporada?"}]},{"@type":"WebSite","@id":"https:\/\/primer-impacto.com\/#website","url":"https:\/\/primer-impacto.com\/","name":"Primer impacto","description":"Especialistas en servicios en el Punto de Venta","publisher":{"@id":"https:\/\/primer-impacto.com\/#organization"},"potentialAction":[{"@type":"SearchAction","target":{"@type":"EntryPoint","urlTemplate":"https:\/\/primer-impacto.com\/?s={search_term_string}"},"query-input":"required name=search_term_string"}],"inLanguage":"pt-PT"},{"@type":"Organization","@id":"https:\/\/primer-impacto.com\/#organization","name":"Primer Impacto","url":"https:\/\/primer-impacto.com\/","logo":{"@type":"ImageObject","inLanguage":"pt-PT","@id":"https:\/\/primer-impacto.com\/#\/schema\/logo\/image\/","url":"https:\/\/primer-impacto.com\/wp-content\/uploads\/2022\/07\/logo_pi.png","contentUrl":"https:\/\/primer-impacto.com\/wp-content\/uploads\/2022\/07\/logo_pi.png","width":377,"height":377,"caption":"Primer Impacto"},"image":{"@id":"https:\/\/primer-impacto.com\/#\/schema\/logo\/image\/"}},{"@type":"Person","@id":"https:\/\/primer-impacto.com\/#\/schema\/person\/a5fde16f13962a866147b25c0e3f6629","name":"admin","image":{"@type":"ImageObject","inLanguage":"pt-PT","@id":"https:\/\/primer-impacto.com\/#\/schema\/person\/image\/","url":"https:\/\/secure.gravatar.com\/avatar\/9d4580a48cd1910cc51e0dfd3fd063c0caadea953e64fb47c872043d240ffeab?s=96&d=mm&r=g","contentUrl":"https:\/\/secure.gravatar.com\/avatar\/9d4580a48cd1910cc51e0dfd3fd063c0caadea953e64fb47c872043d240ffeab?s=96&d=mm&r=g","caption":"admin"},"sameAs":["https:\/\/primer-impacto.com"]}]}},"_links":{"self":[{"href":"https:\/\/primer-impacto.com\/pt\/wp-json\/wp\/v2\/posts\/5293","targetHints":{"allow":["GET"]}}],"collection":[{"href":"https:\/\/primer-impacto.com\/pt\/wp-json\/wp\/v2\/posts"}],"about":[{"href":"https:\/\/primer-impacto.com\/pt\/wp-json\/wp\/v2\/types\/post"}],"author":[{"embeddable":true,"href":"https:\/\/primer-impacto.com\/pt\/wp-json\/wp\/v2\/users\/1"}],"replies":[{"embeddable":true,"href":"https:\/\/primer-impacto.com\/pt\/wp-json\/wp\/v2\/comments?post=5293"}],"version-history":[{"count":5,"href":"https:\/\/primer-impacto.com\/pt\/wp-json\/wp\/v2\/posts\/5293\/revisions"}],"predecessor-version":[{"id":6078,"href":"https:\/\/primer-impacto.com\/pt\/wp-json\/wp\/v2\/posts\/5293\/revisions\/6078"}],"wp:featuredmedia":[{"embeddable":true,"href":"https:\/\/primer-impacto.com\/pt\/wp-json\/wp\/v2\/media\/5296"}],"wp:attachment":[{"href":"https:\/\/primer-impacto.com\/pt\/wp-json\/wp\/v2\/media?parent=5293"}],"wp:term":[{"taxonomy":"category","embeddable":true,"href":"https:\/\/primer-impacto.com\/pt\/wp-json\/wp\/v2\/categories?post=5293"},{"taxonomy":"post_tag","embeddable":true,"href":"https:\/\/primer-impacto.com\/pt\/wp-json\/wp\/v2\/tags?post=5293"}],"curies":[{"name":"wp","href":"https:\/\/api.w.org\/{rel}","templated":true}]}}