{"id":3621,"date":"2022-07-17T05:34:33","date_gmt":"2022-07-17T05:34:33","guid":{"rendered":"https:\/\/primer-impacto.com\/?p=3621"},"modified":"2024-02-27T18:51:13","modified_gmt":"2024-02-27T18:51:13","slug":"ultimas-tendencias-de-compra-que-toda-fuerza-de-ventas-debe-conocer","status":"publish","type":"post","link":"https:\/\/primer-impacto.com\/pt\/ultimas-tendencias-de-compra-que-toda-fuerza-de-ventas-debe-conocer\/","title":{"rendered":"\u00daltimas tendencias de compra que toda fuerza de ventas debe conocer"},"content":{"rendered":"<p>\u00bfPrimero cambiamos de h\u00e1bitos de consumo moldeando a la sociedad o la sociedad cambia y con eso su inclinaci\u00f3n de compra? Esta es una pregunta clave que debe hacerse cualquier equipo comercial para entender la actividad del consumidor.<\/p>\n\n\n\n<p>En la \u00faltima d\u00e9cada y sobre todo, en el \u00faltimo a\u00f1o, se han generado algunas transformaciones en el sector:<\/p>\n\n\n\n<ul class=\"wp-block-list\"><li>digitalizaci\u00f3n del consumidor,<\/li><li>nuevos actores que introdujeron las marcas blancas,<\/li><li>puntos de venta de alimentaci\u00f3n sostenible,<\/li><li>puntos de venta de productos de proximidad,<\/li><li>canal online para alimentos,<\/li><li>un consumidor m\u00e1s consciente del ahorro.<\/li><\/ul>\n\n\n\n<p>Estos son algunos de los motivos, sumados a los cambios sociales y culturales que terminan influyendo en la distribuci\u00f3n del presupuesto de los hogares y por lo tanto, en c\u00f3mo se terminan llenando las cestas de compra de los consumidores.<\/p>\n\n\n\n<figure class=\"wp-block-image size-large\"><img fetchpriority=\"high\" decoding=\"async\" width=\"1024\" height=\"574\" src=\"https:\/\/primer-impacto.com\/wp-content\/uploads\/2022\/07\/Post-infografia-Linkedin-1024x574.jpg\" alt=\"\" class=\"wp-image-3622\" srcset=\"https:\/\/primer-impacto.com\/wp-content\/uploads\/2022\/07\/Post-infografia-Linkedin-1024x574.jpg 1024w, https:\/\/primer-impacto.com\/wp-content\/uploads\/2022\/07\/Post-infografia-Linkedin-300x168.jpg 300w, https:\/\/primer-impacto.com\/wp-content\/uploads\/2022\/07\/Post-infografia-Linkedin-768x430.jpg 768w, https:\/\/primer-impacto.com\/wp-content\/uploads\/2022\/07\/Post-infografia-Linkedin.jpg 1470w\" sizes=\"(max-width: 1024px) 100vw, 1024px\" \/><\/figure>\n\n\n\n<h4 class=\"wp-block-heading\">#fuerzadeventaz #h\u00e1bitosconsumo #consumo #consumidores #tendencias<\/h4>","protected":false},"excerpt":{"rendered":"<p>\u00bfPrimero cambiamos de h\u00e1bitos de consumo moldeando a la sociedad o la sociedad cambia y con eso su inclinaci\u00f3n de compra? Esta es una pregunta clave que debe hacerse cualquier equipo comercial para entender la actividad del consumidor. En la \u00faltima d\u00e9cada y sobre todo, en el \u00faltimo a\u00f1o, se han generado algunas transformaciones en [&hellip;]<\/p>","protected":false},"author":2,"featured_media":4126,"comment_status":"closed","ping_status":"open","sticky":false,"template":"","format":"standard","meta":{"inline_featured_image":false,"footnotes":""},"categories":[260],"tags":[255],"class_list":["post-3621","post","type-post","status-publish","format-standard","has-post-thumbnail","hentry","category-redes-comerciales","tag-infografia"],"yoast_head":"<!-- This site is optimized with the Yoast SEO plugin v22.9 - https:\/\/yoast.com\/wordpress\/plugins\/seo\/ -->\n<title>\u00daltimas tendencias de compra 2022 - Primer impacto<\/title>\n<meta name=\"description\" content=\"Explorando las din\u00e1micas cambiantes del consumidor: \u00bfQu\u00e9 impulsa la transformaci\u00f3n en los h\u00e1bitos de compra?\" \/>\n<meta name=\"robots\" content=\"index, follow, max-snippet:-1, max-image-preview:large, max-video-preview:-1\" \/>\n<link rel=\"canonical\" href=\"https:\/\/primer-impacto.com\/pt\/ultimas-tendencias-de-compra-que-toda-fuerza-de-ventas-debe-conocer\/\" \/>\n<meta property=\"og:locale\" content=\"pt_PT\" \/>\n<meta property=\"og:type\" content=\"article\" \/>\n<meta property=\"og:title\" content=\"\u00daltimas tendencias de compra 2022 - Primer impacto\" \/>\n<meta property=\"og:description\" content=\"Explorando las din\u00e1micas cambiantes del consumidor: \u00bfQu\u00e9 impulsa la transformaci\u00f3n en los h\u00e1bitos de compra?\" \/>\n<meta property=\"og:url\" content=\"https:\/\/primer-impacto.com\/pt\/ultimas-tendencias-de-compra-que-toda-fuerza-de-ventas-debe-conocer\/\" \/>\n<meta property=\"og:site_name\" content=\"Primer impacto\" \/>\n<meta property=\"article:published_time\" content=\"2022-07-17T05:34:33+00:00\" \/>\n<meta property=\"article:modified_time\" content=\"2024-02-27T18:51:13+00:00\" \/>\n<meta property=\"og:image\" content=\"https:\/\/primer-impacto.com\/wp-content\/uploads\/2022\/07\/Portadas-2-06.png\" \/>\n\t<meta property=\"og:image:width\" content=\"800\" \/>\n\t<meta property=\"og:image:height\" content=\"600\" \/>\n\t<meta property=\"og:image:type\" content=\"image\/png\" \/>\n<meta name=\"author\" content=\"pmuro\" \/>\n<meta name=\"twitter:card\" content=\"summary_large_image\" \/>\n<meta name=\"twitter:label1\" content=\"Escrito por\" \/>\n\t<meta name=\"twitter:data1\" content=\"pmuro\" \/>\n\t<meta name=\"twitter:label2\" content=\"Tempo estimado de leitura\" \/>\n\t<meta name=\"twitter:data2\" content=\"1 minuto\" \/>\n<script type=\"application\/ld+json\" class=\"yoast-schema-graph\">{\"@context\":\"https:\/\/schema.org\",\"@graph\":[{\"@type\":\"Article\",\"@id\":\"https:\/\/primer-impacto.com\/ultimas-tendencias-de-compra-que-toda-fuerza-de-ventas-debe-conocer\/#article\",\"isPartOf\":{\"@id\":\"https:\/\/primer-impacto.com\/ultimas-tendencias-de-compra-que-toda-fuerza-de-ventas-debe-conocer\/\"},\"author\":{\"name\":\"pmuro\",\"@id\":\"https:\/\/primer-impacto.com\/#\/schema\/person\/852b6479b0f9c213af66f74267019d5f\"},\"headline\":\"\u00daltimas tendencias de compra que toda fuerza de ventas debe conocer\",\"datePublished\":\"2022-07-17T05:34:33+00:00\",\"dateModified\":\"2024-02-27T18:51:13+00:00\",\"mainEntityOfPage\":{\"@id\":\"https:\/\/primer-impacto.com\/ultimas-tendencias-de-compra-que-toda-fuerza-de-ventas-debe-conocer\/\"},\"wordCount\":156,\"publisher\":{\"@id\":\"https:\/\/primer-impacto.com\/#organization\"},\"image\":{\"@id\":\"https:\/\/primer-impacto.com\/ultimas-tendencias-de-compra-que-toda-fuerza-de-ventas-debe-conocer\/#primaryimage\"},\"thumbnailUrl\":\"https:\/\/primer-impacto.com\/wp-content\/uploads\/2022\/07\/Portadas-2-06.png\",\"keywords\":[\"Infograf\u00eda\"],\"articleSection\":[\"Redes Comerciales\"],\"inLanguage\":\"pt-PT\"},{\"@type\":\"WebPage\",\"@id\":\"https:\/\/primer-impacto.com\/ultimas-tendencias-de-compra-que-toda-fuerza-de-ventas-debe-conocer\/\",\"url\":\"https:\/\/primer-impacto.com\/ultimas-tendencias-de-compra-que-toda-fuerza-de-ventas-debe-conocer\/\",\"name\":\"\u00daltimas tendencias de compra 2022 - Primer impacto\",\"isPartOf\":{\"@id\":\"https:\/\/primer-impacto.com\/#website\"},\"primaryImageOfPage\":{\"@id\":\"https:\/\/primer-impacto.com\/ultimas-tendencias-de-compra-que-toda-fuerza-de-ventas-debe-conocer\/#primaryimage\"},\"image\":{\"@id\":\"https:\/\/primer-impacto.com\/ultimas-tendencias-de-compra-que-toda-fuerza-de-ventas-debe-conocer\/#primaryimage\"},\"thumbnailUrl\":\"https:\/\/primer-impacto.com\/wp-content\/uploads\/2022\/07\/Portadas-2-06.png\",\"datePublished\":\"2022-07-17T05:34:33+00:00\",\"dateModified\":\"2024-02-27T18:51:13+00:00\",\"description\":\"Explorando las din\u00e1micas cambiantes del consumidor: \u00bfQu\u00e9 impulsa la transformaci\u00f3n en los h\u00e1bitos de compra?\",\"breadcrumb\":{\"@id\":\"https:\/\/primer-impacto.com\/ultimas-tendencias-de-compra-que-toda-fuerza-de-ventas-debe-conocer\/#breadcrumb\"},\"inLanguage\":\"pt-PT\",\"potentialAction\":[{\"@type\":\"ReadAction\",\"target\":[\"https:\/\/primer-impacto.com\/ultimas-tendencias-de-compra-que-toda-fuerza-de-ventas-debe-conocer\/\"]}]},{\"@type\":\"ImageObject\",\"inLanguage\":\"pt-PT\",\"@id\":\"https:\/\/primer-impacto.com\/ultimas-tendencias-de-compra-que-toda-fuerza-de-ventas-debe-conocer\/#primaryimage\",\"url\":\"https:\/\/primer-impacto.com\/wp-content\/uploads\/2022\/07\/Portadas-2-06.png\",\"contentUrl\":\"https:\/\/primer-impacto.com\/wp-content\/uploads\/2022\/07\/Portadas-2-06.png\",\"width\":800,\"height\":600},{\"@type\":\"BreadcrumbList\",\"@id\":\"https:\/\/primer-impacto.com\/ultimas-tendencias-de-compra-que-toda-fuerza-de-ventas-debe-conocer\/#breadcrumb\",\"itemListElement\":[{\"@type\":\"ListItem\",\"position\":1,\"name\":\"Portada\",\"item\":\"https:\/\/primer-impacto.com\/\"},{\"@type\":\"ListItem\",\"position\":2,\"name\":\"\u00daltimas tendencias de compra que toda fuerza de ventas debe conocer\"}]},{\"@type\":\"WebSite\",\"@id\":\"https:\/\/primer-impacto.com\/#website\",\"url\":\"https:\/\/primer-impacto.com\/\",\"name\":\"Primer impacto\",\"description\":\"Especialistas en servicios en el Punto de Venta\",\"publisher\":{\"@id\":\"https:\/\/primer-impacto.com\/#organization\"},\"potentialAction\":[{\"@type\":\"SearchAction\",\"target\":{\"@type\":\"EntryPoint\",\"urlTemplate\":\"https:\/\/primer-impacto.com\/?s={search_term_string}\"},\"query-input\":\"required name=search_term_string\"}],\"inLanguage\":\"pt-PT\"},{\"@type\":\"Organization\",\"@id\":\"https:\/\/primer-impacto.com\/#organization\",\"name\":\"Primer Impacto\",\"url\":\"https:\/\/primer-impacto.com\/\",\"logo\":{\"@type\":\"ImageObject\",\"inLanguage\":\"pt-PT\",\"@id\":\"https:\/\/primer-impacto.com\/#\/schema\/logo\/image\/\",\"url\":\"https:\/\/primer-impacto.com\/wp-content\/uploads\/2022\/07\/logo_pi.png\",\"contentUrl\":\"https:\/\/primer-impacto.com\/wp-content\/uploads\/2022\/07\/logo_pi.png\",\"width\":377,\"height\":377,\"caption\":\"Primer Impacto\"},\"image\":{\"@id\":\"https:\/\/primer-impacto.com\/#\/schema\/logo\/image\/\"}},{\"@type\":\"Person\",\"@id\":\"https:\/\/primer-impacto.com\/#\/schema\/person\/852b6479b0f9c213af66f74267019d5f\",\"name\":\"pmuro\",\"image\":{\"@type\":\"ImageObject\",\"inLanguage\":\"pt-PT\",\"@id\":\"https:\/\/primer-impacto.com\/#\/schema\/person\/image\/\",\"url\":\"https:\/\/secure.gravatar.com\/avatar\/bc82fe487f734aa3e8deb2885456d1c8e108cff0d3d3f9310ca738cfad191490?s=96&d=mm&r=g\",\"contentUrl\":\"https:\/\/secure.gravatar.com\/avatar\/bc82fe487f734aa3e8deb2885456d1c8e108cff0d3d3f9310ca738cfad191490?s=96&d=mm&r=g\",\"caption\":\"pmuro\"}}]}<\/script>\n<!-- \/ Yoast SEO plugin. -->","yoast_head_json":{"title":"\u00daltimas tendencias de compra 2022 - Primer impacto","description":"Explorando las din\u00e1micas cambiantes del consumidor: \u00bfQu\u00e9 impulsa la transformaci\u00f3n en los h\u00e1bitos de compra?","robots":{"index":"index","follow":"follow","max-snippet":"max-snippet:-1","max-image-preview":"max-image-preview:large","max-video-preview":"max-video-preview:-1"},"canonical":"https:\/\/primer-impacto.com\/pt\/ultimas-tendencias-de-compra-que-toda-fuerza-de-ventas-debe-conocer\/","og_locale":"pt_PT","og_type":"article","og_title":"\u00daltimas tendencias de compra 2022 - Primer impacto","og_description":"Explorando las din\u00e1micas cambiantes del consumidor: \u00bfQu\u00e9 impulsa la transformaci\u00f3n en los h\u00e1bitos de compra?","og_url":"https:\/\/primer-impacto.com\/pt\/ultimas-tendencias-de-compra-que-toda-fuerza-de-ventas-debe-conocer\/","og_site_name":"Primer impacto","article_published_time":"2022-07-17T05:34:33+00:00","article_modified_time":"2024-02-27T18:51:13+00:00","og_image":[{"width":800,"height":600,"url":"https:\/\/primer-impacto.com\/wp-content\/uploads\/2022\/07\/Portadas-2-06.png","type":"image\/png"}],"author":"pmuro","twitter_card":"summary_large_image","twitter_misc":{"Escrito por":"pmuro","Tempo estimado de leitura":"1 minuto"},"schema":{"@context":"https:\/\/schema.org","@graph":[{"@type":"Article","@id":"https:\/\/primer-impacto.com\/ultimas-tendencias-de-compra-que-toda-fuerza-de-ventas-debe-conocer\/#article","isPartOf":{"@id":"https:\/\/primer-impacto.com\/ultimas-tendencias-de-compra-que-toda-fuerza-de-ventas-debe-conocer\/"},"author":{"name":"pmuro","@id":"https:\/\/primer-impacto.com\/#\/schema\/person\/852b6479b0f9c213af66f74267019d5f"},"headline":"\u00daltimas tendencias de compra que toda fuerza de ventas debe conocer","datePublished":"2022-07-17T05:34:33+00:00","dateModified":"2024-02-27T18:51:13+00:00","mainEntityOfPage":{"@id":"https:\/\/primer-impacto.com\/ultimas-tendencias-de-compra-que-toda-fuerza-de-ventas-debe-conocer\/"},"wordCount":156,"publisher":{"@id":"https:\/\/primer-impacto.com\/#organization"},"image":{"@id":"https:\/\/primer-impacto.com\/ultimas-tendencias-de-compra-que-toda-fuerza-de-ventas-debe-conocer\/#primaryimage"},"thumbnailUrl":"https:\/\/primer-impacto.com\/wp-content\/uploads\/2022\/07\/Portadas-2-06.png","keywords":["Infograf\u00eda"],"articleSection":["Redes Comerciales"],"inLanguage":"pt-PT"},{"@type":"WebPage","@id":"https:\/\/primer-impacto.com\/ultimas-tendencias-de-compra-que-toda-fuerza-de-ventas-debe-conocer\/","url":"https:\/\/primer-impacto.com\/ultimas-tendencias-de-compra-que-toda-fuerza-de-ventas-debe-conocer\/","name":"\u00daltimas tendencias de compra 2022 - Primer impacto","isPartOf":{"@id":"https:\/\/primer-impacto.com\/#website"},"primaryImageOfPage":{"@id":"https:\/\/primer-impacto.com\/ultimas-tendencias-de-compra-que-toda-fuerza-de-ventas-debe-conocer\/#primaryimage"},"image":{"@id":"https:\/\/primer-impacto.com\/ultimas-tendencias-de-compra-que-toda-fuerza-de-ventas-debe-conocer\/#primaryimage"},"thumbnailUrl":"https:\/\/primer-impacto.com\/wp-content\/uploads\/2022\/07\/Portadas-2-06.png","datePublished":"2022-07-17T05:34:33+00:00","dateModified":"2024-02-27T18:51:13+00:00","description":"Explorando las din\u00e1micas cambiantes del consumidor: \u00bfQu\u00e9 impulsa la transformaci\u00f3n en los h\u00e1bitos de compra?","breadcrumb":{"@id":"https:\/\/primer-impacto.com\/ultimas-tendencias-de-compra-que-toda-fuerza-de-ventas-debe-conocer\/#breadcrumb"},"inLanguage":"pt-PT","potentialAction":[{"@type":"ReadAction","target":["https:\/\/primer-impacto.com\/ultimas-tendencias-de-compra-que-toda-fuerza-de-ventas-debe-conocer\/"]}]},{"@type":"ImageObject","inLanguage":"pt-PT","@id":"https:\/\/primer-impacto.com\/ultimas-tendencias-de-compra-que-toda-fuerza-de-ventas-debe-conocer\/#primaryimage","url":"https:\/\/primer-impacto.com\/wp-content\/uploads\/2022\/07\/Portadas-2-06.png","contentUrl":"https:\/\/primer-impacto.com\/wp-content\/uploads\/2022\/07\/Portadas-2-06.png","width":800,"height":600},{"@type":"BreadcrumbList","@id":"https:\/\/primer-impacto.com\/ultimas-tendencias-de-compra-que-toda-fuerza-de-ventas-debe-conocer\/#breadcrumb","itemListElement":[{"@type":"ListItem","position":1,"name":"Portada","item":"https:\/\/primer-impacto.com\/"},{"@type":"ListItem","position":2,"name":"\u00daltimas tendencias de compra que toda fuerza de ventas debe conocer"}]},{"@type":"WebSite","@id":"https:\/\/primer-impacto.com\/#website","url":"https:\/\/primer-impacto.com\/","name":"Primer impacto","description":"Especialistas en servicios en el Punto de Venta","publisher":{"@id":"https:\/\/primer-impacto.com\/#organization"},"potentialAction":[{"@type":"SearchAction","target":{"@type":"EntryPoint","urlTemplate":"https:\/\/primer-impacto.com\/?s={search_term_string}"},"query-input":"required name=search_term_string"}],"inLanguage":"pt-PT"},{"@type":"Organization","@id":"https:\/\/primer-impacto.com\/#organization","name":"Primer Impacto","url":"https:\/\/primer-impacto.com\/","logo":{"@type":"ImageObject","inLanguage":"pt-PT","@id":"https:\/\/primer-impacto.com\/#\/schema\/logo\/image\/","url":"https:\/\/primer-impacto.com\/wp-content\/uploads\/2022\/07\/logo_pi.png","contentUrl":"https:\/\/primer-impacto.com\/wp-content\/uploads\/2022\/07\/logo_pi.png","width":377,"height":377,"caption":"Primer Impacto"},"image":{"@id":"https:\/\/primer-impacto.com\/#\/schema\/logo\/image\/"}},{"@type":"Person","@id":"https:\/\/primer-impacto.com\/#\/schema\/person\/852b6479b0f9c213af66f74267019d5f","name":"pmuro","image":{"@type":"ImageObject","inLanguage":"pt-PT","@id":"https:\/\/primer-impacto.com\/#\/schema\/person\/image\/","url":"https:\/\/secure.gravatar.com\/avatar\/bc82fe487f734aa3e8deb2885456d1c8e108cff0d3d3f9310ca738cfad191490?s=96&d=mm&r=g","contentUrl":"https:\/\/secure.gravatar.com\/avatar\/bc82fe487f734aa3e8deb2885456d1c8e108cff0d3d3f9310ca738cfad191490?s=96&d=mm&r=g","caption":"pmuro"}}]}},"_links":{"self":[{"href":"https:\/\/primer-impacto.com\/pt\/wp-json\/wp\/v2\/posts\/3621","targetHints":{"allow":["GET"]}}],"collection":[{"href":"https:\/\/primer-impacto.com\/pt\/wp-json\/wp\/v2\/posts"}],"about":[{"href":"https:\/\/primer-impacto.com\/pt\/wp-json\/wp\/v2\/types\/post"}],"author":[{"embeddable":true,"href":"https:\/\/primer-impacto.com\/pt\/wp-json\/wp\/v2\/users\/2"}],"replies":[{"embeddable":true,"href":"https:\/\/primer-impacto.com\/pt\/wp-json\/wp\/v2\/comments?post=3621"}],"version-history":[{"count":2,"href":"https:\/\/primer-impacto.com\/pt\/wp-json\/wp\/v2\/posts\/3621\/revisions"}],"predecessor-version":[{"id":4035,"href":"https:\/\/primer-impacto.com\/pt\/wp-json\/wp\/v2\/posts\/3621\/revisions\/4035"}],"wp:featuredmedia":[{"embeddable":true,"href":"https:\/\/primer-impacto.com\/pt\/wp-json\/wp\/v2\/media\/4126"}],"wp:attachment":[{"href":"https:\/\/primer-impacto.com\/pt\/wp-json\/wp\/v2\/media?parent=3621"}],"wp:term":[{"taxonomy":"category","embeddable":true,"href":"https:\/\/primer-impacto.com\/pt\/wp-json\/wp\/v2\/categories?post=3621"},{"taxonomy":"post_tag","embeddable":true,"href":"https:\/\/primer-impacto.com\/pt\/wp-json\/wp\/v2\/tags?post=3621"}],"curies":[{"name":"wp","href":"https:\/\/api.w.org\/{rel}","templated":true}]}}