{"id":3578,"date":"2022-07-17T05:11:39","date_gmt":"2022-07-17T05:11:39","guid":{"rendered":"https:\/\/primer-impacto.com\/?p=3578"},"modified":"2024-06-04T13:15:03","modified_gmt":"2024-06-04T13:15:03","slug":"preferencias-de-compras","status":"publish","type":"post","link":"https:\/\/primer-impacto.com\/pt\/preferencias-de-compras\/","title":{"rendered":"Preferencias de compras"},"content":{"rendered":"<p>Conocer c\u00f3mo ser\u00e1 el #consumidor del futuro es posible, \u00bfc\u00f3mo? A partir del an\u00e1lisis de las preferencias de consumo de la llamada \u201cGeneraci\u00f3n Z\u201d <\/p>\n\n\n\n<p><\/p>\n\n\n\n<p>\u00bfCu\u00e1les ser\u00e1n esas nuevas reglas y formas de comprar, que deparar\u00e1n al mundo del #retail en los pr\u00f3ximos a\u00f1os? ? Seg\u00fan un informe realizado por Adyen sobre las principales tendencias adoptadas en funci\u00f3n de las franjas de edad en Espa\u00f1a, el perfil de la juventud espa\u00f1ola corresponde a un consumidor m\u00e1s exigente, m\u00e1s comprometido e h\u00edbrido.<\/p>\n\n\n\n<p><\/p>\n\n\n\n<p>\u00bfQuieres saber m\u00e1s? Te lo contamos todo en esta infograf\u00eda. <\/p>\n\n\n\n<figure class=\"wp-block-image size-large\"><img fetchpriority=\"high\" decoding=\"async\" width=\"802\" height=\"1024\" src=\"https:\/\/primer-impacto.com\/wp-content\/uploads\/2022\/07\/Infografia-PI-5-802x1024.png\" alt=\"\" class=\"wp-image-3579\" srcset=\"https:\/\/primer-impacto.com\/wp-content\/uploads\/2022\/07\/Infografia-PI-5-802x1024.png 802w, https:\/\/primer-impacto.com\/wp-content\/uploads\/2022\/07\/Infografia-PI-5-235x300.png 235w, https:\/\/primer-impacto.com\/wp-content\/uploads\/2022\/07\/Infografia-PI-5-768x980.png 768w, https:\/\/primer-impacto.com\/wp-content\/uploads\/2022\/07\/Infografia-PI-5-1204x1536.png 1204w, https:\/\/primer-impacto.com\/wp-content\/uploads\/2022\/07\/Infografia-PI-5-1605x2048.png 1605w, https:\/\/primer-impacto.com\/wp-content\/uploads\/2022\/07\/Infografia-PI-5.png 1662w\" sizes=\"(max-width: 802px) 100vw, 802px\" \/><\/figure>\n\n\n\n<h4 class=\"wp-block-heading\">#pi #primerimpacto #pdv<\/h4>","protected":false},"excerpt":{"rendered":"<p>Conocer c\u00f3mo ser\u00e1 el #consumidor del futuro es posible, \u00bfc\u00f3mo? A partir del an\u00e1lisis de las preferencias de consumo de la llamada \u201cGeneraci\u00f3n Z\u201d \u00bfCu\u00e1les ser\u00e1n esas nuevas reglas y formas de comprar, que deparar\u00e1n al mundo del #retail en los pr\u00f3ximos a\u00f1os? ? Seg\u00fan un informe realizado por Adyen sobre las principales tendencias adoptadas [&hellip;]<\/p>","protected":false},"author":2,"featured_media":4148,"comment_status":"closed","ping_status":"open","sticky":false,"template":"","format":"standard","meta":{"inline_featured_image":false,"footnotes":""},"categories":[258],"tags":[255],"class_list":["post-3578","post","type-post","status-publish","format-standard","has-post-thumbnail","hentry","category-gestion-de-pdv","tag-infografia"],"yoast_head":"<!-- This site is optimized with the Yoast SEO plugin v22.9 - https:\/\/yoast.com\/wordpress\/plugins\/seo\/ -->\n<title>Preferencias de compras - Primer impacto<\/title>\n<meta name=\"description\" content=\"Descubre el futuro del consumo y las tendencias de la Generaci\u00f3n Z en el retail espa\u00f1ol. Infograf\u00eda reveladora aqu\u00ed\" \/>\n<meta name=\"robots\" content=\"index, follow, max-snippet:-1, max-image-preview:large, max-video-preview:-1\" \/>\n<link rel=\"canonical\" href=\"https:\/\/primer-impacto.com\/pt\/preferencias-de-compras\/\" \/>\n<meta property=\"og:locale\" content=\"pt_PT\" \/>\n<meta property=\"og:type\" content=\"article\" \/>\n<meta property=\"og:title\" content=\"Preferencias de compras - Primer impacto\" \/>\n<meta property=\"og:description\" content=\"Descubre el futuro del consumo y las tendencias de la Generaci\u00f3n Z en el retail espa\u00f1ol. Infograf\u00eda reveladora aqu\u00ed\" \/>\n<meta property=\"og:url\" content=\"https:\/\/primer-impacto.com\/pt\/preferencias-de-compras\/\" \/>\n<meta property=\"og:site_name\" content=\"Primer impacto\" \/>\n<meta property=\"article:published_time\" content=\"2022-07-17T05:11:39+00:00\" \/>\n<meta property=\"article:modified_time\" content=\"2024-06-04T13:15:03+00:00\" \/>\n<meta property=\"og:image\" content=\"https:\/\/primer-impacto.com\/wp-content\/uploads\/2022\/07\/Portadas-2-38.png\" \/>\n\t<meta property=\"og:image:width\" content=\"800\" \/>\n\t<meta property=\"og:image:height\" content=\"600\" \/>\n\t<meta property=\"og:image:type\" content=\"image\/png\" \/>\n<meta name=\"author\" content=\"pmuro\" \/>\n<meta name=\"twitter:card\" content=\"summary_large_image\" \/>\n<meta name=\"twitter:label1\" content=\"Escrito por\" \/>\n\t<meta name=\"twitter:data1\" content=\"pmuro\" \/>\n\t<meta name=\"twitter:label2\" content=\"Tempo estimado de leitura\" \/>\n\t<meta name=\"twitter:data2\" content=\"1 minuto\" \/>\n<script type=\"application\/ld+json\" class=\"yoast-schema-graph\">{\"@context\":\"https:\/\/schema.org\",\"@graph\":[{\"@type\":\"Article\",\"@id\":\"https:\/\/primer-impacto.com\/preferencias-de-compras\/#article\",\"isPartOf\":{\"@id\":\"https:\/\/primer-impacto.com\/preferencias-de-compras\/\"},\"author\":{\"name\":\"pmuro\",\"@id\":\"https:\/\/primer-impacto.com\/#\/schema\/person\/852b6479b0f9c213af66f74267019d5f\"},\"headline\":\"Preferencias de compras\",\"datePublished\":\"2022-07-17T05:11:39+00:00\",\"dateModified\":\"2024-06-04T13:15:03+00:00\",\"mainEntityOfPage\":{\"@id\":\"https:\/\/primer-impacto.com\/preferencias-de-compras\/\"},\"wordCount\":113,\"publisher\":{\"@id\":\"https:\/\/primer-impacto.com\/#organization\"},\"image\":{\"@id\":\"https:\/\/primer-impacto.com\/preferencias-de-compras\/#primaryimage\"},\"thumbnailUrl\":\"https:\/\/primer-impacto.com\/wp-content\/uploads\/2022\/07\/Portadas-2-38.png\",\"keywords\":[\"Infograf\u00eda\"],\"articleSection\":[\"Gesti\u00f3n del PDV\"],\"inLanguage\":\"pt-PT\"},{\"@type\":\"WebPage\",\"@id\":\"https:\/\/primer-impacto.com\/preferencias-de-compras\/\",\"url\":\"https:\/\/primer-impacto.com\/preferencias-de-compras\/\",\"name\":\"Preferencias de compras - Primer impacto\",\"isPartOf\":{\"@id\":\"https:\/\/primer-impacto.com\/#website\"},\"primaryImageOfPage\":{\"@id\":\"https:\/\/primer-impacto.com\/preferencias-de-compras\/#primaryimage\"},\"image\":{\"@id\":\"https:\/\/primer-impacto.com\/preferencias-de-compras\/#primaryimage\"},\"thumbnailUrl\":\"https:\/\/primer-impacto.com\/wp-content\/uploads\/2022\/07\/Portadas-2-38.png\",\"datePublished\":\"2022-07-17T05:11:39+00:00\",\"dateModified\":\"2024-06-04T13:15:03+00:00\",\"description\":\"Descubre el futuro del consumo y las tendencias de la Generaci\u00f3n Z en el retail espa\u00f1ol. Infograf\u00eda reveladora aqu\u00ed\",\"breadcrumb\":{\"@id\":\"https:\/\/primer-impacto.com\/preferencias-de-compras\/#breadcrumb\"},\"inLanguage\":\"pt-PT\",\"potentialAction\":[{\"@type\":\"ReadAction\",\"target\":[\"https:\/\/primer-impacto.com\/preferencias-de-compras\/\"]}]},{\"@type\":\"ImageObject\",\"inLanguage\":\"pt-PT\",\"@id\":\"https:\/\/primer-impacto.com\/preferencias-de-compras\/#primaryimage\",\"url\":\"https:\/\/primer-impacto.com\/wp-content\/uploads\/2022\/07\/Portadas-2-38.png\",\"contentUrl\":\"https:\/\/primer-impacto.com\/wp-content\/uploads\/2022\/07\/Portadas-2-38.png\",\"width\":800,\"height\":600},{\"@type\":\"BreadcrumbList\",\"@id\":\"https:\/\/primer-impacto.com\/preferencias-de-compras\/#breadcrumb\",\"itemListElement\":[{\"@type\":\"ListItem\",\"position\":1,\"name\":\"Portada\",\"item\":\"https:\/\/primer-impacto.com\/\"},{\"@type\":\"ListItem\",\"position\":2,\"name\":\"Preferencias de compras\"}]},{\"@type\":\"WebSite\",\"@id\":\"https:\/\/primer-impacto.com\/#website\",\"url\":\"https:\/\/primer-impacto.com\/\",\"name\":\"Primer impacto\",\"description\":\"Especialistas en servicios en el Punto de Venta\",\"publisher\":{\"@id\":\"https:\/\/primer-impacto.com\/#organization\"},\"potentialAction\":[{\"@type\":\"SearchAction\",\"target\":{\"@type\":\"EntryPoint\",\"urlTemplate\":\"https:\/\/primer-impacto.com\/?s={search_term_string}\"},\"query-input\":\"required name=search_term_string\"}],\"inLanguage\":\"pt-PT\"},{\"@type\":\"Organization\",\"@id\":\"https:\/\/primer-impacto.com\/#organization\",\"name\":\"Primer Impacto\",\"url\":\"https:\/\/primer-impacto.com\/\",\"logo\":{\"@type\":\"ImageObject\",\"inLanguage\":\"pt-PT\",\"@id\":\"https:\/\/primer-impacto.com\/#\/schema\/logo\/image\/\",\"url\":\"https:\/\/primer-impacto.com\/wp-content\/uploads\/2022\/07\/logo_pi.png\",\"contentUrl\":\"https:\/\/primer-impacto.com\/wp-content\/uploads\/2022\/07\/logo_pi.png\",\"width\":377,\"height\":377,\"caption\":\"Primer Impacto\"},\"image\":{\"@id\":\"https:\/\/primer-impacto.com\/#\/schema\/logo\/image\/\"}},{\"@type\":\"Person\",\"@id\":\"https:\/\/primer-impacto.com\/#\/schema\/person\/852b6479b0f9c213af66f74267019d5f\",\"name\":\"pmuro\",\"image\":{\"@type\":\"ImageObject\",\"inLanguage\":\"pt-PT\",\"@id\":\"https:\/\/primer-impacto.com\/#\/schema\/person\/image\/\",\"url\":\"https:\/\/secure.gravatar.com\/avatar\/bc82fe487f734aa3e8deb2885456d1c8e108cff0d3d3f9310ca738cfad191490?s=96&d=mm&r=g\",\"contentUrl\":\"https:\/\/secure.gravatar.com\/avatar\/bc82fe487f734aa3e8deb2885456d1c8e108cff0d3d3f9310ca738cfad191490?s=96&d=mm&r=g\",\"caption\":\"pmuro\"}}]}<\/script>\n<!-- \/ Yoast SEO plugin. -->","yoast_head_json":{"title":"Preferencias de compras - Primer impacto","description":"Descubre el futuro del consumo y las tendencias de la Generaci\u00f3n Z en el retail espa\u00f1ol. Infograf\u00eda reveladora aqu\u00ed","robots":{"index":"index","follow":"follow","max-snippet":"max-snippet:-1","max-image-preview":"max-image-preview:large","max-video-preview":"max-video-preview:-1"},"canonical":"https:\/\/primer-impacto.com\/pt\/preferencias-de-compras\/","og_locale":"pt_PT","og_type":"article","og_title":"Preferencias de compras - Primer impacto","og_description":"Descubre el futuro del consumo y las tendencias de la Generaci\u00f3n Z en el retail espa\u00f1ol. Infograf\u00eda reveladora aqu\u00ed","og_url":"https:\/\/primer-impacto.com\/pt\/preferencias-de-compras\/","og_site_name":"Primer impacto","article_published_time":"2022-07-17T05:11:39+00:00","article_modified_time":"2024-06-04T13:15:03+00:00","og_image":[{"width":800,"height":600,"url":"https:\/\/primer-impacto.com\/wp-content\/uploads\/2022\/07\/Portadas-2-38.png","type":"image\/png"}],"author":"pmuro","twitter_card":"summary_large_image","twitter_misc":{"Escrito por":"pmuro","Tempo estimado de leitura":"1 minuto"},"schema":{"@context":"https:\/\/schema.org","@graph":[{"@type":"Article","@id":"https:\/\/primer-impacto.com\/preferencias-de-compras\/#article","isPartOf":{"@id":"https:\/\/primer-impacto.com\/preferencias-de-compras\/"},"author":{"name":"pmuro","@id":"https:\/\/primer-impacto.com\/#\/schema\/person\/852b6479b0f9c213af66f74267019d5f"},"headline":"Preferencias de compras","datePublished":"2022-07-17T05:11:39+00:00","dateModified":"2024-06-04T13:15:03+00:00","mainEntityOfPage":{"@id":"https:\/\/primer-impacto.com\/preferencias-de-compras\/"},"wordCount":113,"publisher":{"@id":"https:\/\/primer-impacto.com\/#organization"},"image":{"@id":"https:\/\/primer-impacto.com\/preferencias-de-compras\/#primaryimage"},"thumbnailUrl":"https:\/\/primer-impacto.com\/wp-content\/uploads\/2022\/07\/Portadas-2-38.png","keywords":["Infograf\u00eda"],"articleSection":["Gesti\u00f3n del PDV"],"inLanguage":"pt-PT"},{"@type":"WebPage","@id":"https:\/\/primer-impacto.com\/preferencias-de-compras\/","url":"https:\/\/primer-impacto.com\/preferencias-de-compras\/","name":"Preferencias de compras - Primer impacto","isPartOf":{"@id":"https:\/\/primer-impacto.com\/#website"},"primaryImageOfPage":{"@id":"https:\/\/primer-impacto.com\/preferencias-de-compras\/#primaryimage"},"image":{"@id":"https:\/\/primer-impacto.com\/preferencias-de-compras\/#primaryimage"},"thumbnailUrl":"https:\/\/primer-impacto.com\/wp-content\/uploads\/2022\/07\/Portadas-2-38.png","datePublished":"2022-07-17T05:11:39+00:00","dateModified":"2024-06-04T13:15:03+00:00","description":"Descubre el futuro del consumo y las tendencias de la Generaci\u00f3n Z en el retail espa\u00f1ol. Infograf\u00eda reveladora aqu\u00ed","breadcrumb":{"@id":"https:\/\/primer-impacto.com\/preferencias-de-compras\/#breadcrumb"},"inLanguage":"pt-PT","potentialAction":[{"@type":"ReadAction","target":["https:\/\/primer-impacto.com\/preferencias-de-compras\/"]}]},{"@type":"ImageObject","inLanguage":"pt-PT","@id":"https:\/\/primer-impacto.com\/preferencias-de-compras\/#primaryimage","url":"https:\/\/primer-impacto.com\/wp-content\/uploads\/2022\/07\/Portadas-2-38.png","contentUrl":"https:\/\/primer-impacto.com\/wp-content\/uploads\/2022\/07\/Portadas-2-38.png","width":800,"height":600},{"@type":"BreadcrumbList","@id":"https:\/\/primer-impacto.com\/preferencias-de-compras\/#breadcrumb","itemListElement":[{"@type":"ListItem","position":1,"name":"Portada","item":"https:\/\/primer-impacto.com\/"},{"@type":"ListItem","position":2,"name":"Preferencias de compras"}]},{"@type":"WebSite","@id":"https:\/\/primer-impacto.com\/#website","url":"https:\/\/primer-impacto.com\/","name":"Primer impacto","description":"Especialistas en servicios en el Punto de Venta","publisher":{"@id":"https:\/\/primer-impacto.com\/#organization"},"potentialAction":[{"@type":"SearchAction","target":{"@type":"EntryPoint","urlTemplate":"https:\/\/primer-impacto.com\/?s={search_term_string}"},"query-input":"required name=search_term_string"}],"inLanguage":"pt-PT"},{"@type":"Organization","@id":"https:\/\/primer-impacto.com\/#organization","name":"Primer Impacto","url":"https:\/\/primer-impacto.com\/","logo":{"@type":"ImageObject","inLanguage":"pt-PT","@id":"https:\/\/primer-impacto.com\/#\/schema\/logo\/image\/","url":"https:\/\/primer-impacto.com\/wp-content\/uploads\/2022\/07\/logo_pi.png","contentUrl":"https:\/\/primer-impacto.com\/wp-content\/uploads\/2022\/07\/logo_pi.png","width":377,"height":377,"caption":"Primer Impacto"},"image":{"@id":"https:\/\/primer-impacto.com\/#\/schema\/logo\/image\/"}},{"@type":"Person","@id":"https:\/\/primer-impacto.com\/#\/schema\/person\/852b6479b0f9c213af66f74267019d5f","name":"pmuro","image":{"@type":"ImageObject","inLanguage":"pt-PT","@id":"https:\/\/primer-impacto.com\/#\/schema\/person\/image\/","url":"https:\/\/secure.gravatar.com\/avatar\/bc82fe487f734aa3e8deb2885456d1c8e108cff0d3d3f9310ca738cfad191490?s=96&d=mm&r=g","contentUrl":"https:\/\/secure.gravatar.com\/avatar\/bc82fe487f734aa3e8deb2885456d1c8e108cff0d3d3f9310ca738cfad191490?s=96&d=mm&r=g","caption":"pmuro"}}]}},"_links":{"self":[{"href":"https:\/\/primer-impacto.com\/pt\/wp-json\/wp\/v2\/posts\/3578","targetHints":{"allow":["GET"]}}],"collection":[{"href":"https:\/\/primer-impacto.com\/pt\/wp-json\/wp\/v2\/posts"}],"about":[{"href":"https:\/\/primer-impacto.com\/pt\/wp-json\/wp\/v2\/types\/post"}],"author":[{"embeddable":true,"href":"https:\/\/primer-impacto.com\/pt\/wp-json\/wp\/v2\/users\/2"}],"replies":[{"embeddable":true,"href":"https:\/\/primer-impacto.com\/pt\/wp-json\/wp\/v2\/comments?post=3578"}],"version-history":[{"count":3,"href":"https:\/\/primer-impacto.com\/pt\/wp-json\/wp\/v2\/posts\/3578\/revisions"}],"predecessor-version":[{"id":5627,"href":"https:\/\/primer-impacto.com\/pt\/wp-json\/wp\/v2\/posts\/3578\/revisions\/5627"}],"wp:featuredmedia":[{"embeddable":true,"href":"https:\/\/primer-impacto.com\/pt\/wp-json\/wp\/v2\/media\/4148"}],"wp:attachment":[{"href":"https:\/\/primer-impacto.com\/pt\/wp-json\/wp\/v2\/media?parent=3578"}],"wp:term":[{"taxonomy":"category","embeddable":true,"href":"https:\/\/primer-impacto.com\/pt\/wp-json\/wp\/v2\/categories?post=3578"},{"taxonomy":"post_tag","embeddable":true,"href":"https:\/\/primer-impacto.com\/pt\/wp-json\/wp\/v2\/tags?post=3578"}],"curies":[{"name":"wp","href":"https:\/\/api.w.org\/{rel}","templated":true}]}}