{"id":3249,"date":"2021-09-15T13:42:44","date_gmt":"2021-09-15T13:42:44","guid":{"rendered":"https:\/\/primer-impacto.com\/?p=2145"},"modified":"2023-04-06T08:50:21","modified_gmt":"2023-04-06T08:50:21","slug":"accionessosteniblesempresas","status":"publish","type":"post","link":"https:\/\/primer-impacto.com\/pt\/accionessosteniblesempresas\/","title":{"rendered":"Iniciativas empresariales para ayudar a reducir el impacto ambiental"},"content":{"rendered":"<div class=\"wp-block-image\">\n<figure class=\"aligncenter size-full is-resized\"><img fetchpriority=\"high\" decoding=\"async\" src=\"https:\/\/primer-impacto.com\/wp-content\/uploads\/2021\/09\/NEWSLETTER-PRIMER-IMPACTO-2.png\" alt=\"\" class=\"wp-image-3151\" width=\"406\" height=\"406\" srcset=\"https:\/\/primer-impacto.com\/wp-content\/uploads\/2021\/09\/NEWSLETTER-PRIMER-IMPACTO-2.png 500w, https:\/\/primer-impacto.com\/wp-content\/uploads\/2021\/09\/NEWSLETTER-PRIMER-IMPACTO-2-300x300.png 300w, https:\/\/primer-impacto.com\/wp-content\/uploads\/2021\/09\/NEWSLETTER-PRIMER-IMPACTO-2-150x150.png 150w\" sizes=\"(max-width: 406px) 100vw, 406px\" \/><\/figure>\n<\/div>\n\n<p style=\"text-align: left;\"><span style=\"font-size: 14pt;\"><i><strong>\u00bfC\u00f3mo pensar iniciativas de trabajo m\u00e1s sostenibles como empresa, manteniendo la calidad y la excelencia de nuestros servicios?<\/strong> Desde optimizar los traslados, reutilizar recursos, hasta plantar \u00e1rboles \u00a1Te lo contamos todo en esta nota!<\/i><\/span><\/p>\n<p><span style=\"font-weight: 400; font-size: 14pt;\">Desde Primer Impacto tenemos un prop\u00f3sito muy claro: \u201cDesarrollar a las personas para hacer crecer el mundo\u201d. Queremos un mundo mejor y para lograrlo, sentimos la obligaci\u00f3n de plantear diferentes iniciativas que contribuyan al cuidado del planeta. Nuestro compromiso como equipo, es construir un modelo de trabajo y desarrollo basado en la sostenibilidad y el respeto por el medio ambiente.<\/span><\/p>\n<h2>Reducci\u00f3n del impacto ambiental<\/h2>\n<h3><span style=\"font-size: 18pt;\"><strong>\u00bfPor qu\u00e9 creemos en la importancia de contribuir a reducir nuestro impacto ambiental?<\/strong><\/span><\/h3>\n<p><span style=\"font-weight: 400; font-size: 14pt;\">En primer lugar, es importante poder identificar que la clave para disminuir el impacto ambiental es minimizar los perjuicios y maximizar los beneficios al medio ambiente que conlleva una acci\u00f3n o actividad.\u00a0<\/span><\/p>\n<p><span style=\"font-weight: 400; font-size: 14pt;\">Garantizar al m\u00e1ximo el uso sustentable de los recursos involucrados, incluyendo tanto los aspectos que hacen a la integridad del medio natural como del socio-econ\u00f3mico, es nuestro principal objetivo.<\/span><\/p>\n<p><span style=\"font-weight: 400; font-size: 14pt;\">Como el cambio empieza por casa, en PI quisimos ponernos en el centro del problema y buscar las formas de compensar nuestro propio impacto ambiental a trav\u00e9s de acciones claras.<\/span><\/p>\n<p><span style=\"font-size: 14pt;\"><img decoding=\"async\" class=\"wp-image-2159 aligncenter\" title=\"acciones sostenibles empresas\" src=\"https:\/\/primer-impacto.com\/wp-content\/uploads\/2021\/09\/Disen\u0303o-sin-ti\u0301tulo-11-300x100.png\" alt=\"\" width=\"621\" height=\"207\" \/><\/span><\/p>\n<h3><span style=\"font-size: 18pt;\"><b>Digitalizaci\u00f3n de los procesos<\/b><\/span><\/h3>\n<p><span style=\"font-weight: 400; font-size: 14pt;\">Hace un tiempo y gracias al avance de la tecnolog\u00eda, pudimos implementar el uso digital en todos nuestros procesos de producci\u00f3n. Comenzamos con la comunicaci\u00f3n, seguimos por la confecci\u00f3n de reportes e informes, hasta llegar al punto en que hoy nos encontramos: Ahorramos m\u00e1s de 100.000 hojas de papel al a\u00f1o, lo que equivale a 1.700 \u00e1rboles.<\/span><\/p>\n<h3><span style=\"font-size: 18pt;\"><b>Optimizaci\u00f3n de kil\u00f3metros\u00a0<\/b><\/span><\/h3>\n<p><span style=\"font-weight: 400; font-size: 14pt;\">Nuestra labor implica necesariamente mucha movilidad y si bien no podemos prescindir de ella, lo que s\u00ed podemos hacer es optimizar nuestros traslados.<\/span><\/p>\n<p><span style=\"font-weight: 400; font-size: 14pt;\">Por eso en PI, decidimos marcar la diferencia a trav\u00e9s de una gran inversi\u00f3n en programas de optimizaci\u00f3n de rutas y geolocalizaci\u00f3n.\u00a0<\/span><\/p>\n<p><span style=\"font-weight: 400; font-size: 14pt;\">\u00bfEl objetivo? Evitar cualquier tipo de traslado injustificado e innecesario, reduciendo as\u00ed las emisiones de CO2.<\/span><\/p>\n<h3><span style=\"font-size: 18pt;\"><b>Transporte verde<\/b><\/span><\/h3>\n<p><span style=\"font-weight: 400; font-size: 14pt;\">Para desempe\u00f1ar correctamente nuestro trabajo y brindar servicios de calidad, continuamente debemos trasladar nuestras herramientas y equipos hacia diferentes lugares.<\/span><\/p>\n<p><span style=\"font-weight: 400; font-size: 14pt;\">Para reducir este impacto ambiental en la medida de nuestras posibilidades, tomamos la decisi\u00f3n de asociarnos con nuestro principal partner log\u00edstico que utiliza motores Diesel.\u00a0<\/span><\/p>\n<p><span style=\"font-weight: 400; font-size: 14pt;\">De esta manera, logramos controlar las emisiones de CO2 y ofrecer un servicio igual de eficiente pero m\u00e1s sostenible.<\/span><\/p>\n<h3><span style=\"font-size: 18pt;\"><b>Econom\u00eda circular<\/b><\/span><\/h3>\n<p><span style=\"font-weight: 400; font-size: 14pt;\">Otro punto que tomamos muy en cuenta en PI, es la optimizaci\u00f3n de recursos y la re utilizaci\u00f3n de materiales.<\/span><\/p>\n<p><span style=\"font-weight: 400; font-size: 14pt;\">A trav\u00e9s de acciones basadas en la econom\u00eda circular, buscamos incentivar y desarrollar junto a nuestros clientes proyectos que busquen darle una nueva vida a los materiales y que generen la menor cantidad de desechos posibles.<\/span><\/p>\n<h3><span style=\"font-size: 18pt;\"><b>Cero Emisiones gracias a\u201cPlant for the planet\u201d<\/b><\/span><\/h3>\n<p><span style=\"font-weight: 400; font-size: 14pt;\">Lograr cada a\u00f1o alcanzar la meta de \u201ccero emisiones\u201d, es sin duda uno de nuestros mayores logros.<\/span><\/p>\n<p><span style=\"font-weight: 400; font-size: 14pt;\">\u00bfC\u00f3mo lo logramos? Plantando un \u00e1rbol por cada x cantidad de CO2, de esta manera logramos compensar los gases de efecto invernadero que producimos durante el a\u00f1o.<\/span><\/p>\n<p><span style=\"font-weight: 400; font-size: 14pt;\">Esto es posible gracias a la incre\u00edble iniciativa de \u201cPlant For the Planet\u201d, una asociaci\u00f3n de m\u00e1s de 88.000 ni\u00f1os y j\u00f3venes educados para combatir la crisis clim\u00e1tica, a trav\u00e9s de la plantaci\u00f3n de \u00e1rboles y ayudando a otros a hacerlo.\u00a0<\/span><\/p>\n<p><span style=\"font-weight: 400; font-size: 14pt;\">\u00a0A trav\u00e9s de todos estos a\u00f1os, ya son miles los \u00e1rboles que plantamos junto a \u201cPlant For the Planet\u201d<\/span><\/p>\n<p><span style=\"font-weight: 400; font-size: 14pt;\">Este 2020, fueron 500 las plantaciones realizadas en Yucat\u00e1n. Cada uno de esos \u00e1rboles captura m\u00e1s de 200 kg de CO2 emitido a la atm\u00f3sfera, lo que equivale a 500 t de CO2.\u00a0<\/span><\/p>\n<h3><span style=\"font-size: 18pt;\"><b>Hacia un mundo m\u00e1s sostenible<\/b><\/span><\/h3>\n<p><span style=\"font-weight: 400; font-size: 14pt;\">Seguimos confiando en que es posible cambiar las cosas, por eso te invitamos a que t\u00fa tambi\u00e9n, desde tu lugar, te conviertas en agente de cambio.\u00a0<\/span><\/p>\n<p><span style=\"font-weight: 400; font-size: 14pt;\">Tomar medidas respetuosas con el medio ambiente y mejorar procesos en pos del cuidado de nuestro planeta, ya no deber\u00eda ser una opci\u00f3n para nadie.\u00a0<\/span><\/p>\n<p><span style=\"font-weight: 400; font-size: 14pt;\"><strong>Por eso desde PI queremos seguir comprometi\u00e9ndonos a continuar en este camino hacia un mundo mejor y m\u00e1s sostenible<\/strong>.<\/span><\/p>\n<p><span style=\"font-weight: 400; font-size: 14pt;\">\u00bfNos acompa\u00f1as?\u00a0<\/span><\/p>\n\n\n<h3 class=\"wp-block-heading has-text-align-center has-vivid-red-color has-text-color\"><a href=\"https:\/\/primer-impacto.com\/pt\/optimizacion-procesos-logisticos\/\"><strong>Averigua c\u00f3mo mejorar la optimizaci\u00f3n en los procesos log\u00edsticos AQU\u00cd<\/strong><\/a><\/h3>","protected":false},"excerpt":{"rendered":"<p>\u00bfC\u00f3mo pensar iniciativas de trabajo m\u00e1s sostenibles como empresa, manteniendo la calidad y la excelencia de nuestros servicios? Desde optimizar los traslados, reutilizar recursos, hasta plantar \u00e1rboles \u00a1Te lo contamos todo en esta nota! Desde Primer Impacto tenemos un prop\u00f3sito muy claro: \u201cDesarrollar a las personas para hacer crecer el mundo\u201d. Queremos un mundo mejor [&hellip;]<\/p>","protected":false},"author":1,"featured_media":4179,"comment_status":"closed","ping_status":"open","sticky":false,"template":"","format":"standard","meta":{"inline_featured_image":false,"footnotes":""},"categories":[261],"tags":[290,291,265],"class_list":["post-3249","post","type-post","status-publish","format-standard","has-post-thumbnail","hentry","category-sostenibilidad","tag-impacto-ambiental","tag-iniciativa","tag-notas-de-blog"],"yoast_head":"<!-- This site is optimized with the Yoast SEO plugin v22.9 - https:\/\/yoast.com\/wordpress\/plugins\/seo\/ -->\n<title>Reducir el impacto ambiental en empresas - Primer impacto<\/title>\n<meta name=\"description\" content=\"\u00bfPor qu\u00e9 creemos en la importancia de contribuir a reducir nuestro impacto ambiental? Te contamos lo contamos todo en esta nota\" \/>\n<meta name=\"robots\" content=\"index, follow, max-snippet:-1, max-image-preview:large, max-video-preview:-1\" \/>\n<link rel=\"canonical\" href=\"https:\/\/primer-impacto.com\/pt\/accionessosteniblesempresas\/\" \/>\n<meta property=\"og:locale\" content=\"pt_PT\" \/>\n<meta property=\"og:type\" content=\"article\" \/>\n<meta property=\"og:title\" content=\"Reducir el impacto ambiental en empresas - Primer impacto\" \/>\n<meta property=\"og:description\" content=\"\u00bfPor qu\u00e9 creemos en la importancia de contribuir a reducir nuestro impacto ambiental? Te contamos lo contamos todo en esta nota\" \/>\n<meta property=\"og:url\" content=\"https:\/\/primer-impacto.com\/pt\/accionessosteniblesempresas\/\" \/>\n<meta property=\"og:site_name\" content=\"Primer impacto\" \/>\n<meta property=\"article:published_time\" content=\"2021-09-15T13:42:44+00:00\" \/>\n<meta property=\"article:modified_time\" content=\"2023-04-06T08:50:21+00:00\" \/>\n<meta property=\"og:image\" content=\"https:\/\/primer-impacto.com\/wp-content\/uploads\/2022\/07\/Portadas-2-09-1.png\" \/>\n\t<meta property=\"og:image:width\" content=\"800\" \/>\n\t<meta property=\"og:image:height\" content=\"600\" \/>\n\t<meta property=\"og:image:type\" content=\"image\/png\" \/>\n<meta name=\"author\" content=\"admin\" \/>\n<meta name=\"twitter:card\" content=\"summary_large_image\" \/>\n<meta name=\"twitter:label1\" content=\"Escrito por\" \/>\n\t<meta name=\"twitter:data1\" content=\"admin\" \/>\n\t<meta name=\"twitter:label2\" content=\"Tempo estimado de leitura\" \/>\n\t<meta name=\"twitter:data2\" content=\"4 minutos\" \/>\n<script type=\"application\/ld+json\" class=\"yoast-schema-graph\">{\"@context\":\"https:\/\/schema.org\",\"@graph\":[{\"@type\":\"Article\",\"@id\":\"https:\/\/primer-impacto.com\/accionessosteniblesempresas\/#article\",\"isPartOf\":{\"@id\":\"https:\/\/primer-impacto.com\/accionessosteniblesempresas\/\"},\"author\":{\"name\":\"admin\",\"@id\":\"https:\/\/primer-impacto.com\/#\/schema\/person\/a5fde16f13962a866147b25c0e3f6629\"},\"headline\":\"Iniciativas empresariales para ayudar a reducir el impacto ambiental\",\"datePublished\":\"2021-09-15T13:42:44+00:00\",\"dateModified\":\"2023-04-06T08:50:21+00:00\",\"mainEntityOfPage\":{\"@id\":\"https:\/\/primer-impacto.com\/accionessosteniblesempresas\/\"},\"wordCount\":742,\"publisher\":{\"@id\":\"https:\/\/primer-impacto.com\/#organization\"},\"image\":{\"@id\":\"https:\/\/primer-impacto.com\/accionessosteniblesempresas\/#primaryimage\"},\"thumbnailUrl\":\"https:\/\/primer-impacto.com\/wp-content\/uploads\/2022\/07\/Portadas-2-09-1.png\",\"keywords\":[\"impacto ambiental\",\"iniciativa\",\"Notas de Blog\"],\"articleSection\":[\"Sostenibilidad\"],\"inLanguage\":\"pt-PT\"},{\"@type\":\"WebPage\",\"@id\":\"https:\/\/primer-impacto.com\/accionessosteniblesempresas\/\",\"url\":\"https:\/\/primer-impacto.com\/accionessosteniblesempresas\/\",\"name\":\"Reducir el impacto ambiental en empresas - Primer impacto\",\"isPartOf\":{\"@id\":\"https:\/\/primer-impacto.com\/#website\"},\"primaryImageOfPage\":{\"@id\":\"https:\/\/primer-impacto.com\/accionessosteniblesempresas\/#primaryimage\"},\"image\":{\"@id\":\"https:\/\/primer-impacto.com\/accionessosteniblesempresas\/#primaryimage\"},\"thumbnailUrl\":\"https:\/\/primer-impacto.com\/wp-content\/uploads\/2022\/07\/Portadas-2-09-1.png\",\"datePublished\":\"2021-09-15T13:42:44+00:00\",\"dateModified\":\"2023-04-06T08:50:21+00:00\",\"description\":\"\u00bfPor qu\u00e9 creemos en la importancia de contribuir a reducir nuestro impacto ambiental? Te contamos lo contamos todo en esta nota\",\"breadcrumb\":{\"@id\":\"https:\/\/primer-impacto.com\/accionessosteniblesempresas\/#breadcrumb\"},\"inLanguage\":\"pt-PT\",\"potentialAction\":[{\"@type\":\"ReadAction\",\"target\":[\"https:\/\/primer-impacto.com\/accionessosteniblesempresas\/\"]}]},{\"@type\":\"ImageObject\",\"inLanguage\":\"pt-PT\",\"@id\":\"https:\/\/primer-impacto.com\/accionessosteniblesempresas\/#primaryimage\",\"url\":\"https:\/\/primer-impacto.com\/wp-content\/uploads\/2022\/07\/Portadas-2-09-1.png\",\"contentUrl\":\"https:\/\/primer-impacto.com\/wp-content\/uploads\/2022\/07\/Portadas-2-09-1.png\",\"width\":800,\"height\":600,\"caption\":\"impacto ambiental\"},{\"@type\":\"BreadcrumbList\",\"@id\":\"https:\/\/primer-impacto.com\/accionessosteniblesempresas\/#breadcrumb\",\"itemListElement\":[{\"@type\":\"ListItem\",\"position\":1,\"name\":\"Portada\",\"item\":\"https:\/\/primer-impacto.com\/\"},{\"@type\":\"ListItem\",\"position\":2,\"name\":\"Iniciativas empresariales para ayudar a reducir el impacto ambiental\"}]},{\"@type\":\"WebSite\",\"@id\":\"https:\/\/primer-impacto.com\/#website\",\"url\":\"https:\/\/primer-impacto.com\/\",\"name\":\"Primer impacto\",\"description\":\"Especialistas en servicios en el Punto de Venta\",\"publisher\":{\"@id\":\"https:\/\/primer-impacto.com\/#organization\"},\"potentialAction\":[{\"@type\":\"SearchAction\",\"target\":{\"@type\":\"EntryPoint\",\"urlTemplate\":\"https:\/\/primer-impacto.com\/?s={search_term_string}\"},\"query-input\":\"required name=search_term_string\"}],\"inLanguage\":\"pt-PT\"},{\"@type\":\"Organization\",\"@id\":\"https:\/\/primer-impacto.com\/#organization\",\"name\":\"Primer Impacto\",\"url\":\"https:\/\/primer-impacto.com\/\",\"logo\":{\"@type\":\"ImageObject\",\"inLanguage\":\"pt-PT\",\"@id\":\"https:\/\/primer-impacto.com\/#\/schema\/logo\/image\/\",\"url\":\"https:\/\/primer-impacto.com\/wp-content\/uploads\/2022\/07\/logo_pi.png\",\"contentUrl\":\"https:\/\/primer-impacto.com\/wp-content\/uploads\/2022\/07\/logo_pi.png\",\"width\":377,\"height\":377,\"caption\":\"Primer Impacto\"},\"image\":{\"@id\":\"https:\/\/primer-impacto.com\/#\/schema\/logo\/image\/\"}},{\"@type\":\"Person\",\"@id\":\"https:\/\/primer-impacto.com\/#\/schema\/person\/a5fde16f13962a866147b25c0e3f6629\",\"name\":\"admin\",\"image\":{\"@type\":\"ImageObject\",\"inLanguage\":\"pt-PT\",\"@id\":\"https:\/\/primer-impacto.com\/#\/schema\/person\/image\/\",\"url\":\"https:\/\/secure.gravatar.com\/avatar\/9d4580a48cd1910cc51e0dfd3fd063c0caadea953e64fb47c872043d240ffeab?s=96&d=mm&r=g\",\"contentUrl\":\"https:\/\/secure.gravatar.com\/avatar\/9d4580a48cd1910cc51e0dfd3fd063c0caadea953e64fb47c872043d240ffeab?s=96&d=mm&r=g\",\"caption\":\"admin\"},\"sameAs\":[\"https:\/\/primer-impacto.com\"]}]}<\/script>\n<!-- \/ Yoast SEO plugin. -->","yoast_head_json":{"title":"Reducir el impacto ambiental en empresas - Primer impacto","description":"\u00bfPor qu\u00e9 creemos en la importancia de contribuir a reducir nuestro impacto ambiental? Te contamos lo contamos todo en esta nota","robots":{"index":"index","follow":"follow","max-snippet":"max-snippet:-1","max-image-preview":"max-image-preview:large","max-video-preview":"max-video-preview:-1"},"canonical":"https:\/\/primer-impacto.com\/pt\/accionessosteniblesempresas\/","og_locale":"pt_PT","og_type":"article","og_title":"Reducir el impacto ambiental en empresas - Primer impacto","og_description":"\u00bfPor qu\u00e9 creemos en la importancia de contribuir a reducir nuestro impacto ambiental? Te contamos lo contamos todo en esta nota","og_url":"https:\/\/primer-impacto.com\/pt\/accionessosteniblesempresas\/","og_site_name":"Primer impacto","article_published_time":"2021-09-15T13:42:44+00:00","article_modified_time":"2023-04-06T08:50:21+00:00","og_image":[{"width":800,"height":600,"url":"https:\/\/primer-impacto.com\/wp-content\/uploads\/2022\/07\/Portadas-2-09-1.png","type":"image\/png"}],"author":"admin","twitter_card":"summary_large_image","twitter_misc":{"Escrito por":"admin","Tempo estimado de leitura":"4 minutos"},"schema":{"@context":"https:\/\/schema.org","@graph":[{"@type":"Article","@id":"https:\/\/primer-impacto.com\/accionessosteniblesempresas\/#article","isPartOf":{"@id":"https:\/\/primer-impacto.com\/accionessosteniblesempresas\/"},"author":{"name":"admin","@id":"https:\/\/primer-impacto.com\/#\/schema\/person\/a5fde16f13962a866147b25c0e3f6629"},"headline":"Iniciativas empresariales para ayudar a reducir el impacto ambiental","datePublished":"2021-09-15T13:42:44+00:00","dateModified":"2023-04-06T08:50:21+00:00","mainEntityOfPage":{"@id":"https:\/\/primer-impacto.com\/accionessosteniblesempresas\/"},"wordCount":742,"publisher":{"@id":"https:\/\/primer-impacto.com\/#organization"},"image":{"@id":"https:\/\/primer-impacto.com\/accionessosteniblesempresas\/#primaryimage"},"thumbnailUrl":"https:\/\/primer-impacto.com\/wp-content\/uploads\/2022\/07\/Portadas-2-09-1.png","keywords":["impacto ambiental","iniciativa","Notas de Blog"],"articleSection":["Sostenibilidad"],"inLanguage":"pt-PT"},{"@type":"WebPage","@id":"https:\/\/primer-impacto.com\/accionessosteniblesempresas\/","url":"https:\/\/primer-impacto.com\/accionessosteniblesempresas\/","name":"Reducir el impacto ambiental en empresas - Primer impacto","isPartOf":{"@id":"https:\/\/primer-impacto.com\/#website"},"primaryImageOfPage":{"@id":"https:\/\/primer-impacto.com\/accionessosteniblesempresas\/#primaryimage"},"image":{"@id":"https:\/\/primer-impacto.com\/accionessosteniblesempresas\/#primaryimage"},"thumbnailUrl":"https:\/\/primer-impacto.com\/wp-content\/uploads\/2022\/07\/Portadas-2-09-1.png","datePublished":"2021-09-15T13:42:44+00:00","dateModified":"2023-04-06T08:50:21+00:00","description":"\u00bfPor qu\u00e9 creemos en la importancia de contribuir a reducir nuestro impacto ambiental? Te contamos lo contamos todo en esta nota","breadcrumb":{"@id":"https:\/\/primer-impacto.com\/accionessosteniblesempresas\/#breadcrumb"},"inLanguage":"pt-PT","potentialAction":[{"@type":"ReadAction","target":["https:\/\/primer-impacto.com\/accionessosteniblesempresas\/"]}]},{"@type":"ImageObject","inLanguage":"pt-PT","@id":"https:\/\/primer-impacto.com\/accionessosteniblesempresas\/#primaryimage","url":"https:\/\/primer-impacto.com\/wp-content\/uploads\/2022\/07\/Portadas-2-09-1.png","contentUrl":"https:\/\/primer-impacto.com\/wp-content\/uploads\/2022\/07\/Portadas-2-09-1.png","width":800,"height":600,"caption":"impacto ambiental"},{"@type":"BreadcrumbList","@id":"https:\/\/primer-impacto.com\/accionessosteniblesempresas\/#breadcrumb","itemListElement":[{"@type":"ListItem","position":1,"name":"Portada","item":"https:\/\/primer-impacto.com\/"},{"@type":"ListItem","position":2,"name":"Iniciativas empresariales para ayudar a reducir el impacto ambiental"}]},{"@type":"WebSite","@id":"https:\/\/primer-impacto.com\/#website","url":"https:\/\/primer-impacto.com\/","name":"Primer impacto","description":"Especialistas en servicios en el Punto de Venta","publisher":{"@id":"https:\/\/primer-impacto.com\/#organization"},"potentialAction":[{"@type":"SearchAction","target":{"@type":"EntryPoint","urlTemplate":"https:\/\/primer-impacto.com\/?s={search_term_string}"},"query-input":"required name=search_term_string"}],"inLanguage":"pt-PT"},{"@type":"Organization","@id":"https:\/\/primer-impacto.com\/#organization","name":"Primer Impacto","url":"https:\/\/primer-impacto.com\/","logo":{"@type":"ImageObject","inLanguage":"pt-PT","@id":"https:\/\/primer-impacto.com\/#\/schema\/logo\/image\/","url":"https:\/\/primer-impacto.com\/wp-content\/uploads\/2022\/07\/logo_pi.png","contentUrl":"https:\/\/primer-impacto.com\/wp-content\/uploads\/2022\/07\/logo_pi.png","width":377,"height":377,"caption":"Primer Impacto"},"image":{"@id":"https:\/\/primer-impacto.com\/#\/schema\/logo\/image\/"}},{"@type":"Person","@id":"https:\/\/primer-impacto.com\/#\/schema\/person\/a5fde16f13962a866147b25c0e3f6629","name":"admin","image":{"@type":"ImageObject","inLanguage":"pt-PT","@id":"https:\/\/primer-impacto.com\/#\/schema\/person\/image\/","url":"https:\/\/secure.gravatar.com\/avatar\/9d4580a48cd1910cc51e0dfd3fd063c0caadea953e64fb47c872043d240ffeab?s=96&d=mm&r=g","contentUrl":"https:\/\/secure.gravatar.com\/avatar\/9d4580a48cd1910cc51e0dfd3fd063c0caadea953e64fb47c872043d240ffeab?s=96&d=mm&r=g","caption":"admin"},"sameAs":["https:\/\/primer-impacto.com"]}]}},"_links":{"self":[{"href":"https:\/\/primer-impacto.com\/pt\/wp-json\/wp\/v2\/posts\/3249","targetHints":{"allow":["GET"]}}],"collection":[{"href":"https:\/\/primer-impacto.com\/pt\/wp-json\/wp\/v2\/posts"}],"about":[{"href":"https:\/\/primer-impacto.com\/pt\/wp-json\/wp\/v2\/types\/post"}],"author":[{"embeddable":true,"href":"https:\/\/primer-impacto.com\/pt\/wp-json\/wp\/v2\/users\/1"}],"replies":[{"embeddable":true,"href":"https:\/\/primer-impacto.com\/pt\/wp-json\/wp\/v2\/comments?post=3249"}],"version-history":[{"count":9,"href":"https:\/\/primer-impacto.com\/pt\/wp-json\/wp\/v2\/posts\/3249\/revisions"}],"predecessor-version":[{"id":5968,"href":"https:\/\/primer-impacto.com\/pt\/wp-json\/wp\/v2\/posts\/3249\/revisions\/5968"}],"wp:featuredmedia":[{"embeddable":true,"href":"https:\/\/primer-impacto.com\/pt\/wp-json\/wp\/v2\/media\/4179"}],"wp:attachment":[{"href":"https:\/\/primer-impacto.com\/pt\/wp-json\/wp\/v2\/media?parent=3249"}],"wp:term":[{"taxonomy":"category","embeddable":true,"href":"https:\/\/primer-impacto.com\/pt\/wp-json\/wp\/v2\/categories?post=3249"},{"taxonomy":"post_tag","embeddable":true,"href":"https:\/\/primer-impacto.com\/pt\/wp-json\/wp\/v2\/tags?post=3249"}],"curies":[{"name":"wp","href":"https:\/\/api.w.org\/{rel}","templated":true}]}}