{"id":3231,"date":"2020-02-21T12:18:08","date_gmt":"2020-02-21T12:18:08","guid":{"rendered":"https:\/\/primer-impacto.com\/?p=1647"},"modified":"2024-03-05T15:14:34","modified_gmt":"2024-03-05T15:14:34","slug":"reusa-y-si-no-puedes-rehusa","status":"publish","type":"post","link":"https:\/\/primer-impacto.com\/pt\/reusa-y-si-no-puedes-rehusa\/","title":{"rendered":"Re\u00fasa, y si no puedes, reh\u00fasa"},"content":{"rendered":"<p>Desde Primer Impacto, en l\u00ednea con nuestros valores y nuestra pol\u00edtica ambiental hemos lanzado una iniciativa para sustituir todos los vasos de pl\u00e1stico y empezar a utilizar botellas de vidrio. De esta manera seguimos sumando en sostenibilidad y respeto por el medio ambiente.<\/p>\n<p>Los principales objetivos de esta acci\u00f3n son: reducir el impacto medioambiental y concienciar a todos las personas que forman parte de la compa\u00f1\u00eda sobre el aprovechamiento de los recursos y la importancia de la reutilizaci\u00f3n y el reciclaje.<\/p>\n<p>La palabra clave es la sostenibilidad: la capacidad de utilizar los recursos que tenemos a nuestro alrededor sin da\u00f1ar ni comprometer las capacidades de futuras generaciones. Es el equilibrio entre el desarrollo, el medio ambiente y el bienestar social.<\/p>\n<p><img fetchpriority=\"high\" decoding=\"async\" class=\"alignleft wp-image-1769\" src=\"https:\/\/primer-impacto.com\/wp-content\/uploads\/2019\/06\/botella-2-1024x945.jpg\" alt=\"\" width=\"541\" height=\"500\" \/><\/p>\n<p>Todos conocemos el alto nivel de contaminaci\u00f3n que produce el pl\u00e1stico. Este material est\u00e1 destrozando el ecosistema de los r\u00edos, lagos y oc\u00e9anos siendo el causante de la muerte de millones de animales. Todos hemos visto videos de playas repletas de pl\u00e1sticos y de animales muertos por la asfixia causada por este material.<\/p>\n<p>Nuestra cultura de usar y tirar est\u00e1 empezando a pasar factura a nuestro entorno. Producimos toneladas de pl\u00e1stico y no llegamos a reciclar o reutilizar ni el 10% de esta producci\u00f3n. El pl\u00e1stico no se degrada, se va descomponiendo en micropart\u00edculas que acaban formando parte de la cadena alimenticia contaminando el agua, la sal e incluso la cerveza\u2026 estamos intoxicando el organismo de todos los seres vivos de nuestro planeta.<\/p>\n<p>No es f\u00e1cil cambiar los h\u00e1bitos de una sociedad que utiliza el pl\u00e1stico pr\u00e1cticamente en todo lo que produce, o en el packaging de todo lo que produce, y si el envase no es de pl\u00e1stico lo metemos en una bolsa de polietileno\u2026 No es f\u00e1cil decir que no a todos estos productos o cambiar la manera en que los consumimos, pero tenemos que empezar a hacer peque\u00f1os gestos que activen estos cambios.<\/p>\n<p>Por eso ahora, en primer impacto tenemos una botella de vidrio cada uno de nosotros, para dejar de lado los vasos de pl\u00e1stico, empezar a reutilizar, fomentar la sostenibilidad y concienciar sobre la necesidad de mejorar el medio ambiente.<\/p>\n<p>Tenemos que cambiar nuestros h\u00e1bitos ya!!<\/p>\n<p>Vamos a cuidar la vida<\/p>\n<p>Muchas gracias!<\/p>","protected":false},"excerpt":{"rendered":"<p>Desde Primer Impacto, en l\u00ednea con nuestros valores y nuestra pol\u00edtica ambiental hemos lanzado una iniciativa para sustituir todos los vasos de pl\u00e1stico y empezar a utilizar botellas de vidrio. De esta manera seguimos sumando en sostenibilidad y respeto por el medio ambiente. Los principales objetivos de esta acci\u00f3n son: reducir el impacto medioambiental y [&hellip;]<\/p>","protected":false},"author":1,"featured_media":3119,"comment_status":"closed","ping_status":"open","sticky":false,"template":"","format":"aside","meta":{"inline_featured_image":false,"footnotes":""},"categories":[261],"tags":[265],"class_list":["post-3231","post","type-post","status-publish","format-aside","has-post-thumbnail","hentry","category-sostenibilidad","tag-notas-de-blog","post_format-post-format-aside"],"yoast_head":"<!-- This site is optimized with the Yoast SEO plugin v22.9 - https:\/\/yoast.com\/wordpress\/plugins\/seo\/ -->\n<title>Re\u00fasa, y si no puedes, reh\u00fasa - Primer impacto<\/title>\n<meta name=\"description\" content=\"\u00a1Descubre nuestra iniciativa en sostenibilidad! En PI, hemos lanzado una campa\u00f1a para reemplazar los vasos de pl\u00e1stico por botellas de vidrio\" \/>\n<meta name=\"robots\" content=\"index, follow, max-snippet:-1, max-image-preview:large, max-video-preview:-1\" \/>\n<link rel=\"canonical\" href=\"https:\/\/primer-impacto.com\/pt\/reusa-y-si-no-puedes-rehusa\/\" \/>\n<meta property=\"og:locale\" content=\"pt_PT\" \/>\n<meta property=\"og:type\" content=\"article\" \/>\n<meta property=\"og:title\" content=\"Re\u00fasa, y si no puedes, reh\u00fasa - Primer impacto\" \/>\n<meta property=\"og:description\" content=\"\u00a1Descubre nuestra iniciativa en sostenibilidad! En PI, hemos lanzado una campa\u00f1a para reemplazar los vasos de pl\u00e1stico por botellas de vidrio\" \/>\n<meta property=\"og:url\" content=\"https:\/\/primer-impacto.com\/pt\/reusa-y-si-no-puedes-rehusa\/\" \/>\n<meta property=\"og:site_name\" content=\"Primer impacto\" \/>\n<meta property=\"article:published_time\" content=\"2020-02-21T12:18:08+00:00\" \/>\n<meta property=\"article:modified_time\" content=\"2024-03-05T15:14:34+00:00\" \/>\n<meta property=\"og:image\" content=\"https:\/\/primer-impacto.com\/wp-content\/uploads\/2019\/06\/botella-2-scaled.jpg\" \/>\n\t<meta property=\"og:image:width\" content=\"2560\" \/>\n\t<meta property=\"og:image:height\" content=\"2362\" \/>\n\t<meta property=\"og:image:type\" content=\"image\/jpeg\" \/>\n<meta name=\"author\" content=\"admin\" \/>\n<meta name=\"twitter:card\" content=\"summary_large_image\" \/>\n<meta name=\"twitter:label1\" content=\"Escrito por\" \/>\n\t<meta name=\"twitter:data1\" content=\"admin\" \/>\n\t<meta name=\"twitter:label2\" content=\"Tempo estimado de leitura\" \/>\n\t<meta name=\"twitter:data2\" content=\"2 minutos\" \/>\n<script type=\"application\/ld+json\" class=\"yoast-schema-graph\">{\"@context\":\"https:\/\/schema.org\",\"@graph\":[{\"@type\":\"Article\",\"@id\":\"https:\/\/primer-impacto.com\/reusa-y-si-no-puedes-rehusa\/#article\",\"isPartOf\":{\"@id\":\"https:\/\/primer-impacto.com\/reusa-y-si-no-puedes-rehusa\/\"},\"author\":{\"name\":\"admin\",\"@id\":\"https:\/\/primer-impacto.com\/#\/schema\/person\/a5fde16f13962a866147b25c0e3f6629\"},\"headline\":\"Re\u00fasa, y si no puedes, reh\u00fasa\",\"datePublished\":\"2020-02-21T12:18:08+00:00\",\"dateModified\":\"2024-03-05T15:14:34+00:00\",\"mainEntityOfPage\":{\"@id\":\"https:\/\/primer-impacto.com\/reusa-y-si-no-puedes-rehusa\/\"},\"wordCount\":400,\"publisher\":{\"@id\":\"https:\/\/primer-impacto.com\/#organization\"},\"image\":{\"@id\":\"https:\/\/primer-impacto.com\/reusa-y-si-no-puedes-rehusa\/#primaryimage\"},\"thumbnailUrl\":\"https:\/\/primer-impacto.com\/wp-content\/uploads\/2019\/06\/botella-2-scaled.jpg\",\"keywords\":[\"Notas de Blog\"],\"articleSection\":[\"Sostenibilidad\"],\"inLanguage\":\"pt-PT\"},{\"@type\":\"WebPage\",\"@id\":\"https:\/\/primer-impacto.com\/reusa-y-si-no-puedes-rehusa\/\",\"url\":\"https:\/\/primer-impacto.com\/reusa-y-si-no-puedes-rehusa\/\",\"name\":\"Re\u00fasa, y si no puedes, reh\u00fasa - Primer impacto\",\"isPartOf\":{\"@id\":\"https:\/\/primer-impacto.com\/#website\"},\"primaryImageOfPage\":{\"@id\":\"https:\/\/primer-impacto.com\/reusa-y-si-no-puedes-rehusa\/#primaryimage\"},\"image\":{\"@id\":\"https:\/\/primer-impacto.com\/reusa-y-si-no-puedes-rehusa\/#primaryimage\"},\"thumbnailUrl\":\"https:\/\/primer-impacto.com\/wp-content\/uploads\/2019\/06\/botella-2-scaled.jpg\",\"datePublished\":\"2020-02-21T12:18:08+00:00\",\"dateModified\":\"2024-03-05T15:14:34+00:00\",\"description\":\"\u00a1Descubre nuestra iniciativa en sostenibilidad! En PI, hemos lanzado una campa\u00f1a para reemplazar los vasos de pl\u00e1stico por botellas de vidrio\",\"breadcrumb\":{\"@id\":\"https:\/\/primer-impacto.com\/reusa-y-si-no-puedes-rehusa\/#breadcrumb\"},\"inLanguage\":\"pt-PT\",\"potentialAction\":[{\"@type\":\"ReadAction\",\"target\":[\"https:\/\/primer-impacto.com\/reusa-y-si-no-puedes-rehusa\/\"]}]},{\"@type\":\"ImageObject\",\"inLanguage\":\"pt-PT\",\"@id\":\"https:\/\/primer-impacto.com\/reusa-y-si-no-puedes-rehusa\/#primaryimage\",\"url\":\"https:\/\/primer-impacto.com\/wp-content\/uploads\/2019\/06\/botella-2-scaled.jpg\",\"contentUrl\":\"https:\/\/primer-impacto.com\/wp-content\/uploads\/2019\/06\/botella-2-scaled.jpg\",\"width\":2560,\"height\":2362},{\"@type\":\"BreadcrumbList\",\"@id\":\"https:\/\/primer-impacto.com\/reusa-y-si-no-puedes-rehusa\/#breadcrumb\",\"itemListElement\":[{\"@type\":\"ListItem\",\"position\":1,\"name\":\"Portada\",\"item\":\"https:\/\/primer-impacto.com\/\"},{\"@type\":\"ListItem\",\"position\":2,\"name\":\"Re\u00fasa, y si no puedes, reh\u00fasa\"}]},{\"@type\":\"WebSite\",\"@id\":\"https:\/\/primer-impacto.com\/#website\",\"url\":\"https:\/\/primer-impacto.com\/\",\"name\":\"Primer impacto\",\"description\":\"Especialistas en servicios en el Punto de Venta\",\"publisher\":{\"@id\":\"https:\/\/primer-impacto.com\/#organization\"},\"potentialAction\":[{\"@type\":\"SearchAction\",\"target\":{\"@type\":\"EntryPoint\",\"urlTemplate\":\"https:\/\/primer-impacto.com\/?s={search_term_string}\"},\"query-input\":\"required name=search_term_string\"}],\"inLanguage\":\"pt-PT\"},{\"@type\":\"Organization\",\"@id\":\"https:\/\/primer-impacto.com\/#organization\",\"name\":\"Primer Impacto\",\"url\":\"https:\/\/primer-impacto.com\/\",\"logo\":{\"@type\":\"ImageObject\",\"inLanguage\":\"pt-PT\",\"@id\":\"https:\/\/primer-impacto.com\/#\/schema\/logo\/image\/\",\"url\":\"https:\/\/primer-impacto.com\/wp-content\/uploads\/2022\/07\/logo_pi.png\",\"contentUrl\":\"https:\/\/primer-impacto.com\/wp-content\/uploads\/2022\/07\/logo_pi.png\",\"width\":377,\"height\":377,\"caption\":\"Primer Impacto\"},\"image\":{\"@id\":\"https:\/\/primer-impacto.com\/#\/schema\/logo\/image\/\"}},{\"@type\":\"Person\",\"@id\":\"https:\/\/primer-impacto.com\/#\/schema\/person\/a5fde16f13962a866147b25c0e3f6629\",\"name\":\"admin\",\"image\":{\"@type\":\"ImageObject\",\"inLanguage\":\"pt-PT\",\"@id\":\"https:\/\/primer-impacto.com\/#\/schema\/person\/image\/\",\"url\":\"https:\/\/secure.gravatar.com\/avatar\/9d4580a48cd1910cc51e0dfd3fd063c0caadea953e64fb47c872043d240ffeab?s=96&d=mm&r=g\",\"contentUrl\":\"https:\/\/secure.gravatar.com\/avatar\/9d4580a48cd1910cc51e0dfd3fd063c0caadea953e64fb47c872043d240ffeab?s=96&d=mm&r=g\",\"caption\":\"admin\"},\"sameAs\":[\"https:\/\/primer-impacto.com\"]}]}<\/script>\n<!-- \/ Yoast SEO plugin. -->","yoast_head_json":{"title":"Re\u00fasa, y si no puedes, reh\u00fasa - Primer impacto","description":"\u00a1Descubre nuestra iniciativa en sostenibilidad! En PI, hemos lanzado una campa\u00f1a para reemplazar los vasos de pl\u00e1stico por botellas de vidrio","robots":{"index":"index","follow":"follow","max-snippet":"max-snippet:-1","max-image-preview":"max-image-preview:large","max-video-preview":"max-video-preview:-1"},"canonical":"https:\/\/primer-impacto.com\/pt\/reusa-y-si-no-puedes-rehusa\/","og_locale":"pt_PT","og_type":"article","og_title":"Re\u00fasa, y si no puedes, reh\u00fasa - Primer impacto","og_description":"\u00a1Descubre nuestra iniciativa en sostenibilidad! En PI, hemos lanzado una campa\u00f1a para reemplazar los vasos de pl\u00e1stico por botellas de vidrio","og_url":"https:\/\/primer-impacto.com\/pt\/reusa-y-si-no-puedes-rehusa\/","og_site_name":"Primer impacto","article_published_time":"2020-02-21T12:18:08+00:00","article_modified_time":"2024-03-05T15:14:34+00:00","og_image":[{"width":2560,"height":2362,"url":"https:\/\/primer-impacto.com\/wp-content\/uploads\/2019\/06\/botella-2-scaled.jpg","type":"image\/jpeg"}],"author":"admin","twitter_card":"summary_large_image","twitter_misc":{"Escrito por":"admin","Tempo estimado de leitura":"2 minutos"},"schema":{"@context":"https:\/\/schema.org","@graph":[{"@type":"Article","@id":"https:\/\/primer-impacto.com\/reusa-y-si-no-puedes-rehusa\/#article","isPartOf":{"@id":"https:\/\/primer-impacto.com\/reusa-y-si-no-puedes-rehusa\/"},"author":{"name":"admin","@id":"https:\/\/primer-impacto.com\/#\/schema\/person\/a5fde16f13962a866147b25c0e3f6629"},"headline":"Re\u00fasa, y si no puedes, reh\u00fasa","datePublished":"2020-02-21T12:18:08+00:00","dateModified":"2024-03-05T15:14:34+00:00","mainEntityOfPage":{"@id":"https:\/\/primer-impacto.com\/reusa-y-si-no-puedes-rehusa\/"},"wordCount":400,"publisher":{"@id":"https:\/\/primer-impacto.com\/#organization"},"image":{"@id":"https:\/\/primer-impacto.com\/reusa-y-si-no-puedes-rehusa\/#primaryimage"},"thumbnailUrl":"https:\/\/primer-impacto.com\/wp-content\/uploads\/2019\/06\/botella-2-scaled.jpg","keywords":["Notas de Blog"],"articleSection":["Sostenibilidad"],"inLanguage":"pt-PT"},{"@type":"WebPage","@id":"https:\/\/primer-impacto.com\/reusa-y-si-no-puedes-rehusa\/","url":"https:\/\/primer-impacto.com\/reusa-y-si-no-puedes-rehusa\/","name":"Re\u00fasa, y si no puedes, reh\u00fasa - Primer impacto","isPartOf":{"@id":"https:\/\/primer-impacto.com\/#website"},"primaryImageOfPage":{"@id":"https:\/\/primer-impacto.com\/reusa-y-si-no-puedes-rehusa\/#primaryimage"},"image":{"@id":"https:\/\/primer-impacto.com\/reusa-y-si-no-puedes-rehusa\/#primaryimage"},"thumbnailUrl":"https:\/\/primer-impacto.com\/wp-content\/uploads\/2019\/06\/botella-2-scaled.jpg","datePublished":"2020-02-21T12:18:08+00:00","dateModified":"2024-03-05T15:14:34+00:00","description":"\u00a1Descubre nuestra iniciativa en sostenibilidad! En PI, hemos lanzado una campa\u00f1a para reemplazar los vasos de pl\u00e1stico por botellas de vidrio","breadcrumb":{"@id":"https:\/\/primer-impacto.com\/reusa-y-si-no-puedes-rehusa\/#breadcrumb"},"inLanguage":"pt-PT","potentialAction":[{"@type":"ReadAction","target":["https:\/\/primer-impacto.com\/reusa-y-si-no-puedes-rehusa\/"]}]},{"@type":"ImageObject","inLanguage":"pt-PT","@id":"https:\/\/primer-impacto.com\/reusa-y-si-no-puedes-rehusa\/#primaryimage","url":"https:\/\/primer-impacto.com\/wp-content\/uploads\/2019\/06\/botella-2-scaled.jpg","contentUrl":"https:\/\/primer-impacto.com\/wp-content\/uploads\/2019\/06\/botella-2-scaled.jpg","width":2560,"height":2362},{"@type":"BreadcrumbList","@id":"https:\/\/primer-impacto.com\/reusa-y-si-no-puedes-rehusa\/#breadcrumb","itemListElement":[{"@type":"ListItem","position":1,"name":"Portada","item":"https:\/\/primer-impacto.com\/"},{"@type":"ListItem","position":2,"name":"Re\u00fasa, y si no puedes, reh\u00fasa"}]},{"@type":"WebSite","@id":"https:\/\/primer-impacto.com\/#website","url":"https:\/\/primer-impacto.com\/","name":"Primer impacto","description":"Especialistas en servicios en el Punto de Venta","publisher":{"@id":"https:\/\/primer-impacto.com\/#organization"},"potentialAction":[{"@type":"SearchAction","target":{"@type":"EntryPoint","urlTemplate":"https:\/\/primer-impacto.com\/?s={search_term_string}"},"query-input":"required name=search_term_string"}],"inLanguage":"pt-PT"},{"@type":"Organization","@id":"https:\/\/primer-impacto.com\/#organization","name":"Primer Impacto","url":"https:\/\/primer-impacto.com\/","logo":{"@type":"ImageObject","inLanguage":"pt-PT","@id":"https:\/\/primer-impacto.com\/#\/schema\/logo\/image\/","url":"https:\/\/primer-impacto.com\/wp-content\/uploads\/2022\/07\/logo_pi.png","contentUrl":"https:\/\/primer-impacto.com\/wp-content\/uploads\/2022\/07\/logo_pi.png","width":377,"height":377,"caption":"Primer Impacto"},"image":{"@id":"https:\/\/primer-impacto.com\/#\/schema\/logo\/image\/"}},{"@type":"Person","@id":"https:\/\/primer-impacto.com\/#\/schema\/person\/a5fde16f13962a866147b25c0e3f6629","name":"admin","image":{"@type":"ImageObject","inLanguage":"pt-PT","@id":"https:\/\/primer-impacto.com\/#\/schema\/person\/image\/","url":"https:\/\/secure.gravatar.com\/avatar\/9d4580a48cd1910cc51e0dfd3fd063c0caadea953e64fb47c872043d240ffeab?s=96&d=mm&r=g","contentUrl":"https:\/\/secure.gravatar.com\/avatar\/9d4580a48cd1910cc51e0dfd3fd063c0caadea953e64fb47c872043d240ffeab?s=96&d=mm&r=g","caption":"admin"},"sameAs":["https:\/\/primer-impacto.com"]}]}},"_links":{"self":[{"href":"https:\/\/primer-impacto.com\/pt\/wp-json\/wp\/v2\/posts\/3231","targetHints":{"allow":["GET"]}}],"collection":[{"href":"https:\/\/primer-impacto.com\/pt\/wp-json\/wp\/v2\/posts"}],"about":[{"href":"https:\/\/primer-impacto.com\/pt\/wp-json\/wp\/v2\/types\/post"}],"author":[{"embeddable":true,"href":"https:\/\/primer-impacto.com\/pt\/wp-json\/wp\/v2\/users\/1"}],"replies":[{"embeddable":true,"href":"https:\/\/primer-impacto.com\/pt\/wp-json\/wp\/v2\/comments?post=3231"}],"version-history":[{"count":2,"href":"https:\/\/primer-impacto.com\/pt\/wp-json\/wp\/v2\/posts\/3231\/revisions"}],"predecessor-version":[{"id":3865,"href":"https:\/\/primer-impacto.com\/pt\/wp-json\/wp\/v2\/posts\/3231\/revisions\/3865"}],"wp:featuredmedia":[{"embeddable":true,"href":"https:\/\/primer-impacto.com\/pt\/wp-json\/wp\/v2\/media\/3119"}],"wp:attachment":[{"href":"https:\/\/primer-impacto.com\/pt\/wp-json\/wp\/v2\/media?parent=3231"}],"wp:term":[{"taxonomy":"category","embeddable":true,"href":"https:\/\/primer-impacto.com\/pt\/wp-json\/wp\/v2\/categories?post=3231"},{"taxonomy":"post_tag","embeddable":true,"href":"https:\/\/primer-impacto.com\/pt\/wp-json\/wp\/v2\/tags?post=3231"}],"curies":[{"name":"wp","href":"https:\/\/api.w.org\/{rel}","templated":true}]}}