{"id":3194,"date":"2018-02-22T11:44:32","date_gmt":"2018-02-22T10:44:32","guid":{"rendered":"https:\/\/primer-impacto.com\/?p=779"},"modified":"2024-03-05T17:57:39","modified_gmt":"2024-03-05T17:57:39","slug":"concierto-solidario","status":"publish","type":"post","link":"https:\/\/primer-impacto.com\/pt\/concierto-solidario\/","title":{"rendered":"Concierto Solidario"},"content":{"rendered":"<p><a href=\"http:\/\/www.notesperbadalona.org\/es\/\"><img fetchpriority=\"high\" decoding=\"async\" class=\"wp-image-780 aligncenter\" src=\"https:\/\/primer-impacto.com\/wp-content\/uploads\/2018\/02\/image.png\" alt=\"\" width=\"587\" height=\"441\"><\/a><\/p>\n<p>El a\u00f1o 2015 laboratorios Menarini realiz\u00f3 el primer Concierto \u201cGospel &amp; Jazz Notas solidarias por Badalona\u201d, ciudad en la que se sit\u00faa la central de primer impacto.<\/p>\n<p>La recaudaci\u00f3n de aquel concierto fue a parar a tres entidades de la ciudad de Badalona que trabajan diariamente para que la ciudad sea mejor y para reducir la desigualdad social y la pobreza. El evento fue todo un \u00e9xito.<\/p>\n<p>Ahora, Laboratorios Menarini ha vuelto a impulsar esta iniciativa con el fin de recaudar fondos para la Fundaci\u00f3 Ateneu Sant Roc y para la Fundaci\u00f3n Institut Guttmann.<\/p>\n<p>Este segundo concierto de \u201cGospel &amp; Jazz Notas solidarias por Badalona\u201d tendr\u00e1 lugar el pr\u00f3ximo 27 de febrero en el Auditori de Barcelona y estamos convencidos de que volver\u00e1 a hacer un pleno llenando el aforo de 2.000 personas.<\/p>\n<p>Desde primer impacto hemos colaborado con el proyecto para ayudar a su difusi\u00f3n y por supuesto como muestra de apoyo a la causa.<\/p>\n<p>Gracias Menarini por ayudar a los m\u00e1s desfavorecidos, gracias Badalona.<\/p>","protected":false},"excerpt":{"rendered":"<p>El a\u00f1o 2015 laboratorios Menarini realiz\u00f3 el primer Concierto \u201cGospel &amp; Jazz Notas solidarias por Badalona\u201d, ciudad en la que se sit\u00faa la central de primer impacto. La recaudaci\u00f3n de aquel concierto fue a parar a tres entidades de la ciudad de Badalona que trabajan diariamente para que la ciudad sea mejor y para reducir [&hellip;]<\/p>","protected":false},"author":1,"featured_media":3053,"comment_status":"closed","ping_status":"open","sticky":false,"template":"","format":"aside","meta":{"inline_featured_image":false,"footnotes":""},"categories":[1],"tags":[265],"class_list":["post-3194","post","type-post","status-publish","format-aside","has-post-thumbnail","hentry","category-uncategorized","tag-notas-de-blog","post_format-post-format-aside"],"yoast_head":"<!-- This site is optimized with the Yoast SEO plugin v22.9 - https:\/\/yoast.com\/wordpress\/plugins\/seo\/ -->\n<title>Concierto Solidario - Primer impacto<\/title>\n<meta name=\"description\" content=\"Primer Impacto te invita al retorno del Concierto &quot;Gospel &amp; Jazz Notas Solidarias por Badalona&quot;. Todos los fondos recaudados se donaran.\" \/>\n<meta name=\"robots\" content=\"index, follow, max-snippet:-1, max-image-preview:large, max-video-preview:-1\" \/>\n<link rel=\"canonical\" href=\"https:\/\/primer-impacto.com\/pt\/concierto-solidario\/\" \/>\n<meta property=\"og:locale\" content=\"pt_PT\" \/>\n<meta property=\"og:type\" content=\"article\" \/>\n<meta property=\"og:title\" content=\"Concierto Solidario - Primer impacto\" \/>\n<meta property=\"og:description\" content=\"Primer Impacto te invita al retorno del Concierto &quot;Gospel &amp; Jazz Notas Solidarias por Badalona&quot;. Todos los fondos recaudados se donaran.\" \/>\n<meta property=\"og:url\" content=\"https:\/\/primer-impacto.com\/pt\/concierto-solidario\/\" \/>\n<meta property=\"og:site_name\" content=\"Primer impacto\" \/>\n<meta property=\"article:published_time\" content=\"2018-02-22T10:44:32+00:00\" \/>\n<meta property=\"article:modified_time\" content=\"2024-03-05T17:57:39+00:00\" \/>\n<meta property=\"og:image\" content=\"https:\/\/primer-impacto.com\/wp-content\/uploads\/2018\/02\/image01.png\" \/>\n\t<meta property=\"og:image:width\" content=\"673\" \/>\n\t<meta property=\"og:image:height\" content=\"658\" \/>\n\t<meta property=\"og:image:type\" content=\"image\/png\" \/>\n<meta name=\"author\" content=\"admin\" \/>\n<meta name=\"twitter:card\" content=\"summary_large_image\" \/>\n<meta name=\"twitter:label1\" content=\"Escrito por\" \/>\n\t<meta name=\"twitter:data1\" content=\"admin\" \/>\n\t<meta name=\"twitter:label2\" content=\"Tempo estimado de leitura\" \/>\n\t<meta name=\"twitter:data2\" content=\"1 minuto\" \/>\n<script type=\"application\/ld+json\" class=\"yoast-schema-graph\">{\"@context\":\"https:\/\/schema.org\",\"@graph\":[{\"@type\":\"Article\",\"@id\":\"https:\/\/primer-impacto.com\/concierto-solidario\/#article\",\"isPartOf\":{\"@id\":\"https:\/\/primer-impacto.com\/concierto-solidario\/\"},\"author\":{\"name\":\"admin\",\"@id\":\"https:\/\/primer-impacto.com\/#\/schema\/person\/a5fde16f13962a866147b25c0e3f6629\"},\"headline\":\"Concierto Solidario\",\"datePublished\":\"2018-02-22T10:44:32+00:00\",\"dateModified\":\"2024-03-05T17:57:39+00:00\",\"mainEntityOfPage\":{\"@id\":\"https:\/\/primer-impacto.com\/concierto-solidario\/\"},\"wordCount\":172,\"publisher\":{\"@id\":\"https:\/\/primer-impacto.com\/#organization\"},\"image\":{\"@id\":\"https:\/\/primer-impacto.com\/concierto-solidario\/#primaryimage\"},\"thumbnailUrl\":\"https:\/\/primer-impacto.com\/wp-content\/uploads\/2018\/02\/image01.png\",\"keywords\":[\"Notas de Blog\"],\"articleSection\":[\"Uncategorized\"],\"inLanguage\":\"pt-PT\"},{\"@type\":\"WebPage\",\"@id\":\"https:\/\/primer-impacto.com\/concierto-solidario\/\",\"url\":\"https:\/\/primer-impacto.com\/concierto-solidario\/\",\"name\":\"Concierto Solidario - Primer impacto\",\"isPartOf\":{\"@id\":\"https:\/\/primer-impacto.com\/#website\"},\"primaryImageOfPage\":{\"@id\":\"https:\/\/primer-impacto.com\/concierto-solidario\/#primaryimage\"},\"image\":{\"@id\":\"https:\/\/primer-impacto.com\/concierto-solidario\/#primaryimage\"},\"thumbnailUrl\":\"https:\/\/primer-impacto.com\/wp-content\/uploads\/2018\/02\/image01.png\",\"datePublished\":\"2018-02-22T10:44:32+00:00\",\"dateModified\":\"2024-03-05T17:57:39+00:00\",\"description\":\"Primer Impacto te invita al retorno del Concierto \\\"Gospel & Jazz Notas Solidarias por Badalona\\\". Todos los fondos recaudados se donaran.\",\"breadcrumb\":{\"@id\":\"https:\/\/primer-impacto.com\/concierto-solidario\/#breadcrumb\"},\"inLanguage\":\"pt-PT\",\"potentialAction\":[{\"@type\":\"ReadAction\",\"target\":[\"https:\/\/primer-impacto.com\/concierto-solidario\/\"]}]},{\"@type\":\"ImageObject\",\"inLanguage\":\"pt-PT\",\"@id\":\"https:\/\/primer-impacto.com\/concierto-solidario\/#primaryimage\",\"url\":\"https:\/\/primer-impacto.com\/wp-content\/uploads\/2018\/02\/image01.png\",\"contentUrl\":\"https:\/\/primer-impacto.com\/wp-content\/uploads\/2018\/02\/image01.png\",\"width\":673,\"height\":658},{\"@type\":\"BreadcrumbList\",\"@id\":\"https:\/\/primer-impacto.com\/concierto-solidario\/#breadcrumb\",\"itemListElement\":[{\"@type\":\"ListItem\",\"position\":1,\"name\":\"Portada\",\"item\":\"https:\/\/primer-impacto.com\/\"},{\"@type\":\"ListItem\",\"position\":2,\"name\":\"Concierto Solidario\"}]},{\"@type\":\"WebSite\",\"@id\":\"https:\/\/primer-impacto.com\/#website\",\"url\":\"https:\/\/primer-impacto.com\/\",\"name\":\"Primer impacto\",\"description\":\"Especialistas en servicios en el Punto de Venta\",\"publisher\":{\"@id\":\"https:\/\/primer-impacto.com\/#organization\"},\"potentialAction\":[{\"@type\":\"SearchAction\",\"target\":{\"@type\":\"EntryPoint\",\"urlTemplate\":\"https:\/\/primer-impacto.com\/?s={search_term_string}\"},\"query-input\":\"required name=search_term_string\"}],\"inLanguage\":\"pt-PT\"},{\"@type\":\"Organization\",\"@id\":\"https:\/\/primer-impacto.com\/#organization\",\"name\":\"Primer Impacto\",\"url\":\"https:\/\/primer-impacto.com\/\",\"logo\":{\"@type\":\"ImageObject\",\"inLanguage\":\"pt-PT\",\"@id\":\"https:\/\/primer-impacto.com\/#\/schema\/logo\/image\/\",\"url\":\"https:\/\/primer-impacto.com\/wp-content\/uploads\/2022\/07\/logo_pi.png\",\"contentUrl\":\"https:\/\/primer-impacto.com\/wp-content\/uploads\/2022\/07\/logo_pi.png\",\"width\":377,\"height\":377,\"caption\":\"Primer Impacto\"},\"image\":{\"@id\":\"https:\/\/primer-impacto.com\/#\/schema\/logo\/image\/\"}},{\"@type\":\"Person\",\"@id\":\"https:\/\/primer-impacto.com\/#\/schema\/person\/a5fde16f13962a866147b25c0e3f6629\",\"name\":\"admin\",\"image\":{\"@type\":\"ImageObject\",\"inLanguage\":\"pt-PT\",\"@id\":\"https:\/\/primer-impacto.com\/#\/schema\/person\/image\/\",\"url\":\"https:\/\/secure.gravatar.com\/avatar\/9d4580a48cd1910cc51e0dfd3fd063c0caadea953e64fb47c872043d240ffeab?s=96&d=mm&r=g\",\"contentUrl\":\"https:\/\/secure.gravatar.com\/avatar\/9d4580a48cd1910cc51e0dfd3fd063c0caadea953e64fb47c872043d240ffeab?s=96&d=mm&r=g\",\"caption\":\"admin\"},\"sameAs\":[\"https:\/\/primer-impacto.com\"]}]}<\/script>\n<!-- \/ Yoast SEO plugin. -->","yoast_head_json":{"title":"Concierto Solidario - Primer impacto","description":"Primer Impacto te invita al retorno del Concierto \"Gospel & Jazz Notas Solidarias por Badalona\". Todos los fondos recaudados se donaran.","robots":{"index":"index","follow":"follow","max-snippet":"max-snippet:-1","max-image-preview":"max-image-preview:large","max-video-preview":"max-video-preview:-1"},"canonical":"https:\/\/primer-impacto.com\/pt\/concierto-solidario\/","og_locale":"pt_PT","og_type":"article","og_title":"Concierto Solidario - Primer impacto","og_description":"Primer Impacto te invita al retorno del Concierto \"Gospel & Jazz Notas Solidarias por Badalona\". Todos los fondos recaudados se donaran.","og_url":"https:\/\/primer-impacto.com\/pt\/concierto-solidario\/","og_site_name":"Primer impacto","article_published_time":"2018-02-22T10:44:32+00:00","article_modified_time":"2024-03-05T17:57:39+00:00","og_image":[{"width":673,"height":658,"url":"https:\/\/primer-impacto.com\/wp-content\/uploads\/2018\/02\/image01.png","type":"image\/png"}],"author":"admin","twitter_card":"summary_large_image","twitter_misc":{"Escrito por":"admin","Tempo estimado de leitura":"1 minuto"},"schema":{"@context":"https:\/\/schema.org","@graph":[{"@type":"Article","@id":"https:\/\/primer-impacto.com\/concierto-solidario\/#article","isPartOf":{"@id":"https:\/\/primer-impacto.com\/concierto-solidario\/"},"author":{"name":"admin","@id":"https:\/\/primer-impacto.com\/#\/schema\/person\/a5fde16f13962a866147b25c0e3f6629"},"headline":"Concierto Solidario","datePublished":"2018-02-22T10:44:32+00:00","dateModified":"2024-03-05T17:57:39+00:00","mainEntityOfPage":{"@id":"https:\/\/primer-impacto.com\/concierto-solidario\/"},"wordCount":172,"publisher":{"@id":"https:\/\/primer-impacto.com\/#organization"},"image":{"@id":"https:\/\/primer-impacto.com\/concierto-solidario\/#primaryimage"},"thumbnailUrl":"https:\/\/primer-impacto.com\/wp-content\/uploads\/2018\/02\/image01.png","keywords":["Notas de Blog"],"articleSection":["Uncategorized"],"inLanguage":"pt-PT"},{"@type":"WebPage","@id":"https:\/\/primer-impacto.com\/concierto-solidario\/","url":"https:\/\/primer-impacto.com\/concierto-solidario\/","name":"Concierto Solidario - Primer impacto","isPartOf":{"@id":"https:\/\/primer-impacto.com\/#website"},"primaryImageOfPage":{"@id":"https:\/\/primer-impacto.com\/concierto-solidario\/#primaryimage"},"image":{"@id":"https:\/\/primer-impacto.com\/concierto-solidario\/#primaryimage"},"thumbnailUrl":"https:\/\/primer-impacto.com\/wp-content\/uploads\/2018\/02\/image01.png","datePublished":"2018-02-22T10:44:32+00:00","dateModified":"2024-03-05T17:57:39+00:00","description":"Primer Impacto te invita al retorno del Concierto \"Gospel & Jazz Notas Solidarias por Badalona\". Todos los fondos recaudados se donaran.","breadcrumb":{"@id":"https:\/\/primer-impacto.com\/concierto-solidario\/#breadcrumb"},"inLanguage":"pt-PT","potentialAction":[{"@type":"ReadAction","target":["https:\/\/primer-impacto.com\/concierto-solidario\/"]}]},{"@type":"ImageObject","inLanguage":"pt-PT","@id":"https:\/\/primer-impacto.com\/concierto-solidario\/#primaryimage","url":"https:\/\/primer-impacto.com\/wp-content\/uploads\/2018\/02\/image01.png","contentUrl":"https:\/\/primer-impacto.com\/wp-content\/uploads\/2018\/02\/image01.png","width":673,"height":658},{"@type":"BreadcrumbList","@id":"https:\/\/primer-impacto.com\/concierto-solidario\/#breadcrumb","itemListElement":[{"@type":"ListItem","position":1,"name":"Portada","item":"https:\/\/primer-impacto.com\/"},{"@type":"ListItem","position":2,"name":"Concierto Solidario"}]},{"@type":"WebSite","@id":"https:\/\/primer-impacto.com\/#website","url":"https:\/\/primer-impacto.com\/","name":"Primer impacto","description":"Especialistas en servicios en el Punto de Venta","publisher":{"@id":"https:\/\/primer-impacto.com\/#organization"},"potentialAction":[{"@type":"SearchAction","target":{"@type":"EntryPoint","urlTemplate":"https:\/\/primer-impacto.com\/?s={search_term_string}"},"query-input":"required name=search_term_string"}],"inLanguage":"pt-PT"},{"@type":"Organization","@id":"https:\/\/primer-impacto.com\/#organization","name":"Primer Impacto","url":"https:\/\/primer-impacto.com\/","logo":{"@type":"ImageObject","inLanguage":"pt-PT","@id":"https:\/\/primer-impacto.com\/#\/schema\/logo\/image\/","url":"https:\/\/primer-impacto.com\/wp-content\/uploads\/2022\/07\/logo_pi.png","contentUrl":"https:\/\/primer-impacto.com\/wp-content\/uploads\/2022\/07\/logo_pi.png","width":377,"height":377,"caption":"Primer Impacto"},"image":{"@id":"https:\/\/primer-impacto.com\/#\/schema\/logo\/image\/"}},{"@type":"Person","@id":"https:\/\/primer-impacto.com\/#\/schema\/person\/a5fde16f13962a866147b25c0e3f6629","name":"admin","image":{"@type":"ImageObject","inLanguage":"pt-PT","@id":"https:\/\/primer-impacto.com\/#\/schema\/person\/image\/","url":"https:\/\/secure.gravatar.com\/avatar\/9d4580a48cd1910cc51e0dfd3fd063c0caadea953e64fb47c872043d240ffeab?s=96&d=mm&r=g","contentUrl":"https:\/\/secure.gravatar.com\/avatar\/9d4580a48cd1910cc51e0dfd3fd063c0caadea953e64fb47c872043d240ffeab?s=96&d=mm&r=g","caption":"admin"},"sameAs":["https:\/\/primer-impacto.com"]}]}},"_links":{"self":[{"href":"https:\/\/primer-impacto.com\/pt\/wp-json\/wp\/v2\/posts\/3194","targetHints":{"allow":["GET"]}}],"collection":[{"href":"https:\/\/primer-impacto.com\/pt\/wp-json\/wp\/v2\/posts"}],"about":[{"href":"https:\/\/primer-impacto.com\/pt\/wp-json\/wp\/v2\/types\/post"}],"author":[{"embeddable":true,"href":"https:\/\/primer-impacto.com\/pt\/wp-json\/wp\/v2\/users\/1"}],"replies":[{"embeddable":true,"href":"https:\/\/primer-impacto.com\/pt\/wp-json\/wp\/v2\/comments?post=3194"}],"version-history":[{"count":2,"href":"https:\/\/primer-impacto.com\/pt\/wp-json\/wp\/v2\/posts\/3194\/revisions"}],"predecessor-version":[{"id":3805,"href":"https:\/\/primer-impacto.com\/pt\/wp-json\/wp\/v2\/posts\/3194\/revisions\/3805"}],"wp:featuredmedia":[{"embeddable":true,"href":"https:\/\/primer-impacto.com\/pt\/wp-json\/wp\/v2\/media\/3053"}],"wp:attachment":[{"href":"https:\/\/primer-impacto.com\/pt\/wp-json\/wp\/v2\/media?parent=3194"}],"wp:term":[{"taxonomy":"category","embeddable":true,"href":"https:\/\/primer-impacto.com\/pt\/wp-json\/wp\/v2\/categories?post=3194"},{"taxonomy":"post_tag","embeddable":true,"href":"https:\/\/primer-impacto.com\/pt\/wp-json\/wp\/v2\/tags?post=3194"}],"curies":[{"name":"wp","href":"https:\/\/api.w.org\/{rel}","templated":true}]}}