{"id":3178,"date":"2017-05-17T10:27:53","date_gmt":"2017-05-17T09:27:53","guid":{"rendered":"https:\/\/primer-impacto.com\/?p=444"},"modified":"2024-02-27T19:18:13","modified_gmt":"2024-02-27T19:18:13","slug":"incrementa-el-impacto-visual-en-tus-escaparates-reduciendo-los-costes","status":"publish","type":"post","link":"https:\/\/primer-impacto.com\/pt\/incrementa-el-impacto-visual-en-tus-escaparates-reduciendo-los-costes\/","title":{"rendered":"Incrementa el impacto visual en tus escaparates reduciendo los costes"},"content":{"rendered":"<p><img fetchpriority=\"high\" decoding=\"async\" class=\"alignleft wp-image-445 size-full\" style=\"margin-bottom: 0; padding-top: 0.5em;\" src=\"https:\/\/primer-impacto.com\/wp-content\/uploads\/2017\/05\/open-house-e1495012712131.png\" width=\"310\" height=\"309\" \/>En este post vamos a hablar acerca de un tipo concreto de escaparate, aquel que publicita de manera homog\u00e9nea y peri\u00f3dica mensajes de car\u00e1cter estacional. Vamos a ver de qu\u00e9 manera una red de puntos de venta puede <strong>potenciar la comunicaci\u00f3n<\/strong> en este soporte, <strong>optimizando costes y potenciando la visibilidad<\/strong> a trav\u00e9s de un medio de fuerte impacto y r\u00e1pida implantaci\u00f3n: <u>el vinilo publicitario<\/u>.<\/p>\n<p>Colaboramos de manera recurrente con grandes compa\u00f1\u00edas de distintos sectores, desde el de la banca o aseguradoras al de las telecomunicaciones. Estas compa\u00f1\u00edas cuentan con enormes redes de ventas, miles de puntos que necesitan vestir de publicidad en el menor tiempo posible: <u>cada minuto que pasa sin que un punto est\u00e9 decorado con el nuevo lanzamiento, es un minuto en el que dejamos de generar impactos al p\u00fablico<\/u>.<\/p>\n<p>Pero, <strong>\u00bfC\u00f3mo podemos incrementar el impacto visual a la vez que reducimos los costes de la producci\u00f3n e implantaci\u00f3n?<\/strong> Vamos a profundizar en esto:<\/p>\n<p>Entendemos como las dos variables fundamentales en la publicidad exterior con vinilos: el Impacto visual y los costes de la implantaci\u00f3n, \u00bfPero c\u00f3mo los definimos?<\/p>\n<p>El coste de la implantaci\u00f3n parece el m\u00e1s sencillo, tanto de calcular como de comparar, en \u00e9l influyen los costes del productor de vinilo y los costes de la agencia instaladora.<\/p>\n<p>Si ahondamos algo m\u00e1s en los costes de estos dos proveedores veremos que influyen de manera determinante las siguientes sub-variables:<\/p>\n<p>PRODUCCI\u00d3N:<\/p>\n<p>\u2022 Tama\u00f1o de la tirada (Formatos, creatividades y uds)<br \/>\n\u2022 Tipo de vinilo<\/p>\n<p>INSTALACI\u00d3N:<\/p>\n<p>\u2022 N\u00famero de puntos a visitar<br \/>\n\u2022 N\u00famero de vinilos a colocar por punto<br \/>\n\u2022 Tama\u00f1o de los vinilos<br \/>\n<span style=\"padding-left: 30px;\">\u2022 Caracter\u00edsticas concretas (Instalaciones en altura, rejas, filtros solares\u2026)<\/span><\/p>\n<p>Todo esto parece sencillo de cuantificar, y de hecho, si se tiene la informaci\u00f3n suficiente lo es.<\/p>\n<p>Pasamos la otra variable fundamental: El Impacto visual.<\/p>\n<p>Esta variable tiene la particularidad de que tiene cierto grado de subjetividad, por lo que es necesario tener clara la <strong>estrategia comunicativa del cliente<\/strong> antes de iniciar el estudio de maximizaci\u00f3n de impacto visual, no obstante hay ciertos par\u00e1metros que parecen generar consenso, tales como ubicar los mensajes prioritarios:<\/p>\n<p>\u2022 Cerca de los accesos al punto de venta<br \/>\n\u2022 En aquellas cristaleras y\/o fachadas con mayor visibilidad<br \/>\n\u2022 En aquellos vinilos de mayor tama\u00f1o<br \/>\n\u2022 En todas las fachadas del punto de venta<br \/>\n\u2022 Maximizaci\u00f3n de la cobertura (% de PdV con alg\u00fan vinilo)<\/p>\n<p>Existen otros par\u00e1metros que deber\u00e1n consensuarse en funci\u00f3n de cada estrategia comunicativa, tales como:<\/p>\n<p>\u2022 Porcentaje de superficie vinilada<br \/>\n\u2022 N\u00famero de mensajes distintos<br \/>\n\u2022 Porcentaje de presencia de ciertas campa\u00f1as<\/p>\n<p>Dos de los KPI\u2019s principales entran en conflicto. Por ejemplo, cuantos m\u00e1s tama\u00f1os distintos tenemos, podemos ocupar un porcentaje de superficie vinilada mayor y aumentar la cobertura, pero por el contrario, los costes de producci\u00f3n se disparan (M\u00e1s dise\u00f1os y tiradas m\u00e1s cortas)<\/p>\n<p><img decoding=\"async\" class=\"size-full wp-image-446 aligncenter\" style=\"max-width: 100%; width: auto; height: auto;\" src=\"https:\/\/primer-impacto.com\/wp-content\/uploads\/2017\/05\/estadistica.png\" alt=\"\" width=\"904\" height=\"488\" srcset=\"https:\/\/primer-impacto.com\/wp-content\/uploads\/2017\/05\/estadistica.png 904w, https:\/\/primer-impacto.com\/wp-content\/uploads\/2017\/05\/estadistica-300x162.png 300w, https:\/\/primer-impacto.com\/wp-content\/uploads\/2017\/05\/estadistica-768x415.png 768w\" sizes=\"(max-width: 904px) 100vw, 904px\" \/><\/p>\n<p>Debemos evitar aquellos escenarios que pese ser \u00f3ptimos a nivel de costes no representen una mejora importante respecto al modelo actual, de la misma manera, aquellos escenarios con un fuerte impacto visual pero de coste desmesurado no nos aportan apenas mejoras puesto que el impacto visual se torna inel\u00e1stico a partir de ciertos niveles.<\/p>\n<p>Parece claro entonces que debemos movernos en la franja eficiente de la curva, aquella \u00e1rea que optimiza los costes y el impacto de la comunicaci\u00f3n, pero, \u00bfC\u00f3mo determinamos el punto \u00f3ptimo? Cont\u00e1ctanos y te ayudaremos a encontrarlo!<\/p>","protected":false},"excerpt":{"rendered":"<p>En este post vamos a hablar acerca de un tipo concreto de escaparate, aquel que publicita de manera homog\u00e9nea y peri\u00f3dica mensajes de car\u00e1cter estacional. Vamos a ver de qu\u00e9 manera una red de puntos de venta puede potenciar la comunicaci\u00f3n en este soporte, optimizando costes y potenciando la visibilidad a trav\u00e9s de un medio [&hellip;]<\/p>","protected":false},"author":1,"featured_media":4192,"comment_status":"closed","ping_status":"open","sticky":false,"template":"","format":"standard","meta":{"inline_featured_image":false,"footnotes":""},"categories":[256],"tags":[265],"class_list":["post-3178","post","type-post","status-publish","format-standard","has-post-thumbnail","hentry","category-visibilidad","tag-notas-de-blog"],"yoast_head":"<!-- This site is optimized with the Yoast SEO plugin v22.9 - https:\/\/yoast.com\/wordpress\/plugins\/seo\/ -->\n<title>Mayor impacto visual al menor coste - Primer impacto<\/title>\n<meta name=\"description\" content=\"Potencia la comunicaci\u00f3n estacional en escaparates con vinilos publicitarios. \u00a1No te pierdas los consejos para aumentar el impacto visual!\" \/>\n<meta name=\"robots\" content=\"index, follow, max-snippet:-1, max-image-preview:large, max-video-preview:-1\" \/>\n<link rel=\"canonical\" href=\"https:\/\/primer-impacto.com\/pt\/incrementa-el-impacto-visual-en-tus-escaparates-reduciendo-los-costes\/\" \/>\n<meta property=\"og:locale\" content=\"pt_PT\" \/>\n<meta property=\"og:type\" content=\"article\" \/>\n<meta property=\"og:title\" content=\"Mayor impacto visual al menor coste - Primer impacto\" \/>\n<meta property=\"og:description\" content=\"Potencia la comunicaci\u00f3n estacional en escaparates con vinilos publicitarios. \u00a1No te pierdas los consejos para aumentar el impacto visual!\" \/>\n<meta property=\"og:url\" content=\"https:\/\/primer-impacto.com\/pt\/incrementa-el-impacto-visual-en-tus-escaparates-reduciendo-los-costes\/\" \/>\n<meta property=\"og:site_name\" content=\"Primer impacto\" \/>\n<meta property=\"article:published_time\" content=\"2017-05-17T09:27:53+00:00\" \/>\n<meta property=\"article:modified_time\" content=\"2024-02-27T19:18:13+00:00\" \/>\n<meta property=\"og:image\" content=\"https:\/\/primer-impacto.com\/wp-content\/uploads\/2022\/07\/Portadas-2-22.png\" \/>\n\t<meta property=\"og:image:width\" content=\"800\" \/>\n\t<meta property=\"og:image:height\" content=\"600\" \/>\n\t<meta property=\"og:image:type\" content=\"image\/png\" \/>\n<meta name=\"author\" content=\"admin\" \/>\n<meta name=\"twitter:card\" content=\"summary_large_image\" \/>\n<meta name=\"twitter:label1\" content=\"Escrito por\" \/>\n\t<meta name=\"twitter:data1\" content=\"admin\" \/>\n\t<meta name=\"twitter:label2\" content=\"Tempo estimado de leitura\" \/>\n\t<meta name=\"twitter:data2\" content=\"3 minutos\" \/>\n<script type=\"application\/ld+json\" class=\"yoast-schema-graph\">{\"@context\":\"https:\/\/schema.org\",\"@graph\":[{\"@type\":\"Article\",\"@id\":\"https:\/\/primer-impacto.com\/incrementa-el-impacto-visual-en-tus-escaparates-reduciendo-los-costes\/#article\",\"isPartOf\":{\"@id\":\"https:\/\/primer-impacto.com\/incrementa-el-impacto-visual-en-tus-escaparates-reduciendo-los-costes\/\"},\"author\":{\"name\":\"admin\",\"@id\":\"https:\/\/primer-impacto.com\/#\/schema\/person\/a5fde16f13962a866147b25c0e3f6629\"},\"headline\":\"Incrementa el impacto visual en tus escaparates reduciendo los costes\",\"datePublished\":\"2017-05-17T09:27:53+00:00\",\"dateModified\":\"2024-02-27T19:18:13+00:00\",\"mainEntityOfPage\":{\"@id\":\"https:\/\/primer-impacto.com\/incrementa-el-impacto-visual-en-tus-escaparates-reduciendo-los-costes\/\"},\"wordCount\":602,\"publisher\":{\"@id\":\"https:\/\/primer-impacto.com\/#organization\"},\"image\":{\"@id\":\"https:\/\/primer-impacto.com\/incrementa-el-impacto-visual-en-tus-escaparates-reduciendo-los-costes\/#primaryimage\"},\"thumbnailUrl\":\"https:\/\/primer-impacto.com\/wp-content\/uploads\/2022\/07\/Portadas-2-22.png\",\"keywords\":[\"Notas de Blog\"],\"articleSection\":[\"Visibilidad\"],\"inLanguage\":\"pt-PT\"},{\"@type\":\"WebPage\",\"@id\":\"https:\/\/primer-impacto.com\/incrementa-el-impacto-visual-en-tus-escaparates-reduciendo-los-costes\/\",\"url\":\"https:\/\/primer-impacto.com\/incrementa-el-impacto-visual-en-tus-escaparates-reduciendo-los-costes\/\",\"name\":\"Mayor impacto visual al menor coste - Primer impacto\",\"isPartOf\":{\"@id\":\"https:\/\/primer-impacto.com\/#website\"},\"primaryImageOfPage\":{\"@id\":\"https:\/\/primer-impacto.com\/incrementa-el-impacto-visual-en-tus-escaparates-reduciendo-los-costes\/#primaryimage\"},\"image\":{\"@id\":\"https:\/\/primer-impacto.com\/incrementa-el-impacto-visual-en-tus-escaparates-reduciendo-los-costes\/#primaryimage\"},\"thumbnailUrl\":\"https:\/\/primer-impacto.com\/wp-content\/uploads\/2022\/07\/Portadas-2-22.png\",\"datePublished\":\"2017-05-17T09:27:53+00:00\",\"dateModified\":\"2024-02-27T19:18:13+00:00\",\"description\":\"Potencia la comunicaci\u00f3n estacional en escaparates con vinilos publicitarios. \u00a1No te pierdas los consejos para aumentar el impacto visual!\",\"breadcrumb\":{\"@id\":\"https:\/\/primer-impacto.com\/incrementa-el-impacto-visual-en-tus-escaparates-reduciendo-los-costes\/#breadcrumb\"},\"inLanguage\":\"pt-PT\",\"potentialAction\":[{\"@type\":\"ReadAction\",\"target\":[\"https:\/\/primer-impacto.com\/incrementa-el-impacto-visual-en-tus-escaparates-reduciendo-los-costes\/\"]}]},{\"@type\":\"ImageObject\",\"inLanguage\":\"pt-PT\",\"@id\":\"https:\/\/primer-impacto.com\/incrementa-el-impacto-visual-en-tus-escaparates-reduciendo-los-costes\/#primaryimage\",\"url\":\"https:\/\/primer-impacto.com\/wp-content\/uploads\/2022\/07\/Portadas-2-22.png\",\"contentUrl\":\"https:\/\/primer-impacto.com\/wp-content\/uploads\/2022\/07\/Portadas-2-22.png\",\"width\":800,\"height\":600},{\"@type\":\"BreadcrumbList\",\"@id\":\"https:\/\/primer-impacto.com\/incrementa-el-impacto-visual-en-tus-escaparates-reduciendo-los-costes\/#breadcrumb\",\"itemListElement\":[{\"@type\":\"ListItem\",\"position\":1,\"name\":\"Portada\",\"item\":\"https:\/\/primer-impacto.com\/\"},{\"@type\":\"ListItem\",\"position\":2,\"name\":\"Incrementa el impacto visual en tus escaparates reduciendo los costes\"}]},{\"@type\":\"WebSite\",\"@id\":\"https:\/\/primer-impacto.com\/#website\",\"url\":\"https:\/\/primer-impacto.com\/\",\"name\":\"Primer impacto\",\"description\":\"Especialistas en servicios en el Punto de Venta\",\"publisher\":{\"@id\":\"https:\/\/primer-impacto.com\/#organization\"},\"potentialAction\":[{\"@type\":\"SearchAction\",\"target\":{\"@type\":\"EntryPoint\",\"urlTemplate\":\"https:\/\/primer-impacto.com\/?s={search_term_string}\"},\"query-input\":\"required name=search_term_string\"}],\"inLanguage\":\"pt-PT\"},{\"@type\":\"Organization\",\"@id\":\"https:\/\/primer-impacto.com\/#organization\",\"name\":\"Primer Impacto\",\"url\":\"https:\/\/primer-impacto.com\/\",\"logo\":{\"@type\":\"ImageObject\",\"inLanguage\":\"pt-PT\",\"@id\":\"https:\/\/primer-impacto.com\/#\/schema\/logo\/image\/\",\"url\":\"https:\/\/primer-impacto.com\/wp-content\/uploads\/2022\/07\/logo_pi.png\",\"contentUrl\":\"https:\/\/primer-impacto.com\/wp-content\/uploads\/2022\/07\/logo_pi.png\",\"width\":377,\"height\":377,\"caption\":\"Primer Impacto\"},\"image\":{\"@id\":\"https:\/\/primer-impacto.com\/#\/schema\/logo\/image\/\"}},{\"@type\":\"Person\",\"@id\":\"https:\/\/primer-impacto.com\/#\/schema\/person\/a5fde16f13962a866147b25c0e3f6629\",\"name\":\"admin\",\"image\":{\"@type\":\"ImageObject\",\"inLanguage\":\"pt-PT\",\"@id\":\"https:\/\/primer-impacto.com\/#\/schema\/person\/image\/\",\"url\":\"https:\/\/secure.gravatar.com\/avatar\/9d4580a48cd1910cc51e0dfd3fd063c0caadea953e64fb47c872043d240ffeab?s=96&d=mm&r=g\",\"contentUrl\":\"https:\/\/secure.gravatar.com\/avatar\/9d4580a48cd1910cc51e0dfd3fd063c0caadea953e64fb47c872043d240ffeab?s=96&d=mm&r=g\",\"caption\":\"admin\"},\"sameAs\":[\"https:\/\/primer-impacto.com\"]}]}<\/script>\n<!-- \/ Yoast SEO plugin. -->","yoast_head_json":{"title":"Mayor impacto visual al menor coste - Primer impacto","description":"Potencia la comunicaci\u00f3n estacional en escaparates con vinilos publicitarios. \u00a1No te pierdas los consejos para aumentar el impacto visual!","robots":{"index":"index","follow":"follow","max-snippet":"max-snippet:-1","max-image-preview":"max-image-preview:large","max-video-preview":"max-video-preview:-1"},"canonical":"https:\/\/primer-impacto.com\/pt\/incrementa-el-impacto-visual-en-tus-escaparates-reduciendo-los-costes\/","og_locale":"pt_PT","og_type":"article","og_title":"Mayor impacto visual al menor coste - Primer impacto","og_description":"Potencia la comunicaci\u00f3n estacional en escaparates con vinilos publicitarios. \u00a1No te pierdas los consejos para aumentar el impacto visual!","og_url":"https:\/\/primer-impacto.com\/pt\/incrementa-el-impacto-visual-en-tus-escaparates-reduciendo-los-costes\/","og_site_name":"Primer impacto","article_published_time":"2017-05-17T09:27:53+00:00","article_modified_time":"2024-02-27T19:18:13+00:00","og_image":[{"width":800,"height":600,"url":"https:\/\/primer-impacto.com\/wp-content\/uploads\/2022\/07\/Portadas-2-22.png","type":"image\/png"}],"author":"admin","twitter_card":"summary_large_image","twitter_misc":{"Escrito por":"admin","Tempo estimado de leitura":"3 minutos"},"schema":{"@context":"https:\/\/schema.org","@graph":[{"@type":"Article","@id":"https:\/\/primer-impacto.com\/incrementa-el-impacto-visual-en-tus-escaparates-reduciendo-los-costes\/#article","isPartOf":{"@id":"https:\/\/primer-impacto.com\/incrementa-el-impacto-visual-en-tus-escaparates-reduciendo-los-costes\/"},"author":{"name":"admin","@id":"https:\/\/primer-impacto.com\/#\/schema\/person\/a5fde16f13962a866147b25c0e3f6629"},"headline":"Incrementa el impacto visual en tus escaparates reduciendo los costes","datePublished":"2017-05-17T09:27:53+00:00","dateModified":"2024-02-27T19:18:13+00:00","mainEntityOfPage":{"@id":"https:\/\/primer-impacto.com\/incrementa-el-impacto-visual-en-tus-escaparates-reduciendo-los-costes\/"},"wordCount":602,"publisher":{"@id":"https:\/\/primer-impacto.com\/#organization"},"image":{"@id":"https:\/\/primer-impacto.com\/incrementa-el-impacto-visual-en-tus-escaparates-reduciendo-los-costes\/#primaryimage"},"thumbnailUrl":"https:\/\/primer-impacto.com\/wp-content\/uploads\/2022\/07\/Portadas-2-22.png","keywords":["Notas de Blog"],"articleSection":["Visibilidad"],"inLanguage":"pt-PT"},{"@type":"WebPage","@id":"https:\/\/primer-impacto.com\/incrementa-el-impacto-visual-en-tus-escaparates-reduciendo-los-costes\/","url":"https:\/\/primer-impacto.com\/incrementa-el-impacto-visual-en-tus-escaparates-reduciendo-los-costes\/","name":"Mayor impacto visual al menor coste - Primer impacto","isPartOf":{"@id":"https:\/\/primer-impacto.com\/#website"},"primaryImageOfPage":{"@id":"https:\/\/primer-impacto.com\/incrementa-el-impacto-visual-en-tus-escaparates-reduciendo-los-costes\/#primaryimage"},"image":{"@id":"https:\/\/primer-impacto.com\/incrementa-el-impacto-visual-en-tus-escaparates-reduciendo-los-costes\/#primaryimage"},"thumbnailUrl":"https:\/\/primer-impacto.com\/wp-content\/uploads\/2022\/07\/Portadas-2-22.png","datePublished":"2017-05-17T09:27:53+00:00","dateModified":"2024-02-27T19:18:13+00:00","description":"Potencia la comunicaci\u00f3n estacional en escaparates con vinilos publicitarios. \u00a1No te pierdas los consejos para aumentar el impacto visual!","breadcrumb":{"@id":"https:\/\/primer-impacto.com\/incrementa-el-impacto-visual-en-tus-escaparates-reduciendo-los-costes\/#breadcrumb"},"inLanguage":"pt-PT","potentialAction":[{"@type":"ReadAction","target":["https:\/\/primer-impacto.com\/incrementa-el-impacto-visual-en-tus-escaparates-reduciendo-los-costes\/"]}]},{"@type":"ImageObject","inLanguage":"pt-PT","@id":"https:\/\/primer-impacto.com\/incrementa-el-impacto-visual-en-tus-escaparates-reduciendo-los-costes\/#primaryimage","url":"https:\/\/primer-impacto.com\/wp-content\/uploads\/2022\/07\/Portadas-2-22.png","contentUrl":"https:\/\/primer-impacto.com\/wp-content\/uploads\/2022\/07\/Portadas-2-22.png","width":800,"height":600},{"@type":"BreadcrumbList","@id":"https:\/\/primer-impacto.com\/incrementa-el-impacto-visual-en-tus-escaparates-reduciendo-los-costes\/#breadcrumb","itemListElement":[{"@type":"ListItem","position":1,"name":"Portada","item":"https:\/\/primer-impacto.com\/"},{"@type":"ListItem","position":2,"name":"Incrementa el impacto visual en tus escaparates reduciendo los costes"}]},{"@type":"WebSite","@id":"https:\/\/primer-impacto.com\/#website","url":"https:\/\/primer-impacto.com\/","name":"Primer impacto","description":"Especialistas en servicios en el Punto de Venta","publisher":{"@id":"https:\/\/primer-impacto.com\/#organization"},"potentialAction":[{"@type":"SearchAction","target":{"@type":"EntryPoint","urlTemplate":"https:\/\/primer-impacto.com\/?s={search_term_string}"},"query-input":"required name=search_term_string"}],"inLanguage":"pt-PT"},{"@type":"Organization","@id":"https:\/\/primer-impacto.com\/#organization","name":"Primer Impacto","url":"https:\/\/primer-impacto.com\/","logo":{"@type":"ImageObject","inLanguage":"pt-PT","@id":"https:\/\/primer-impacto.com\/#\/schema\/logo\/image\/","url":"https:\/\/primer-impacto.com\/wp-content\/uploads\/2022\/07\/logo_pi.png","contentUrl":"https:\/\/primer-impacto.com\/wp-content\/uploads\/2022\/07\/logo_pi.png","width":377,"height":377,"caption":"Primer Impacto"},"image":{"@id":"https:\/\/primer-impacto.com\/#\/schema\/logo\/image\/"}},{"@type":"Person","@id":"https:\/\/primer-impacto.com\/#\/schema\/person\/a5fde16f13962a866147b25c0e3f6629","name":"admin","image":{"@type":"ImageObject","inLanguage":"pt-PT","@id":"https:\/\/primer-impacto.com\/#\/schema\/person\/image\/","url":"https:\/\/secure.gravatar.com\/avatar\/9d4580a48cd1910cc51e0dfd3fd063c0caadea953e64fb47c872043d240ffeab?s=96&d=mm&r=g","contentUrl":"https:\/\/secure.gravatar.com\/avatar\/9d4580a48cd1910cc51e0dfd3fd063c0caadea953e64fb47c872043d240ffeab?s=96&d=mm&r=g","caption":"admin"},"sameAs":["https:\/\/primer-impacto.com"]}]}},"_links":{"self":[{"href":"https:\/\/primer-impacto.com\/pt\/wp-json\/wp\/v2\/posts\/3178","targetHints":{"allow":["GET"]}}],"collection":[{"href":"https:\/\/primer-impacto.com\/pt\/wp-json\/wp\/v2\/posts"}],"about":[{"href":"https:\/\/primer-impacto.com\/pt\/wp-json\/wp\/v2\/types\/post"}],"author":[{"embeddable":true,"href":"https:\/\/primer-impacto.com\/pt\/wp-json\/wp\/v2\/users\/1"}],"replies":[{"embeddable":true,"href":"https:\/\/primer-impacto.com\/pt\/wp-json\/wp\/v2\/comments?post=3178"}],"version-history":[{"count":3,"href":"https:\/\/primer-impacto.com\/pt\/wp-json\/wp\/v2\/posts\/3178\/revisions"}],"predecessor-version":[{"id":7056,"href":"https:\/\/primer-impacto.com\/pt\/wp-json\/wp\/v2\/posts\/3178\/revisions\/7056"}],"wp:featuredmedia":[{"embeddable":true,"href":"https:\/\/primer-impacto.com\/pt\/wp-json\/wp\/v2\/media\/4192"}],"wp:attachment":[{"href":"https:\/\/primer-impacto.com\/pt\/wp-json\/wp\/v2\/media?parent=3178"}],"wp:term":[{"taxonomy":"category","embeddable":true,"href":"https:\/\/primer-impacto.com\/pt\/wp-json\/wp\/v2\/categories?post=3178"},{"taxonomy":"post_tag","embeddable":true,"href":"https:\/\/primer-impacto.com\/pt\/wp-json\/wp\/v2\/tags?post=3178"}],"curies":[{"name":"wp","href":"https:\/\/api.w.org\/{rel}","templated":true}]}}