{"id":7893,"date":"2025-09-17T12:59:28","date_gmt":"2025-09-17T12:59:28","guid":{"rendered":"https:\/\/primer-impacto.com\/?p=7893"},"modified":"2025-09-17T13:27:30","modified_gmt":"2025-09-17T13:27:30","slug":"activar-campanas-estacionales-en-el-pdv-canales-formato-personalizacion","status":"publish","type":"post","link":"https:\/\/primer-impacto.com\/en\/activar-campanas-estacionales-en-el-pdv-canales-formato-personalizacion\/","title":{"rendered":"C\u00f3mo activar campa\u00f1as estacionales en PDV: canales, formatos y personalizaci\u00f3n"},"content":{"rendered":"<p>Las campa\u00f1as de implantaci\u00f3n de PLV en PDV son la herramienta m\u00e1s potente para transformar una estrategia en resultados tangibles. Pero no todas las acciones tienen el mismo nivel de impacto. La clave est\u00e1 en <strong>c\u00f3mo se combinan los formatos y la personalizaci\u00f3n de la experiencia de compra<\/strong>.<\/p>\n\n\n\n<h2 class=\"wp-block-heading\"><strong>Canales y formatos clave:<\/strong><\/h2>\n\n\n\n<ul class=\"wp-block-list\">\n<li><strong>PLV ef\u00edmero<\/strong>: vinilos, carteles y displays de cart\u00f3n, ideales para campa\u00f1as r\u00e1pidas y de alta rotaci\u00f3n.<\/li>\n\n\n\n<li><strong>Expositores permanentes o semipermanentes<\/strong>: muebles, displays tecnol\u00f3gicos o espacios experienciales que requieren coordinaci\u00f3n log\u00edstica m\u00e1s compleja.<\/li>\n\n\n\n<li><strong>Promociones experienciales<\/strong>: demostraciones, degustaciones o activaciones en tienda que permiten una interacci\u00f3n directa con el producto.<\/li>\n\n\n\n<li><strong>Data collection en PDV<\/strong>: auditor\u00edas, mystery shopping o recogida de insights para validar el impacto de la acci\u00f3n y obtener informaci\u00f3n estrat\u00e9gica.<\/li>\n<\/ul>\n\n\n\n<p>La elecci\u00f3n de estos formatos debe responder a los objetivos de la campa\u00f1a, pero tambi\u00e9n al espacio, al perfil del shopper y al tipo de retailer.<\/p>\n\n\n\n<p>Una <strong>campa\u00f1a de implantaci\u00f3n de <a href=\"https:\/\/primer-impacto.com\/en\/la-publicidad-en-el-lugar-de-venta-plv-imprescindible-para-vender-y-para-vender-mas\/\">PLV<\/a> en PDV<\/strong> no es simplemente colocar elementos de visibilidad; es construir una experiencia adaptada a cada contexto, asegurando que la marca no solo est\u00e9 presente, sino que destaque con relevancia y coherencia.<\/p>\n\n\n\n<p><strong>Este tipo de acciones requieren:<\/strong><\/p>\n\n\n\n<ul class=\"wp-block-list\">\n<li>Una red de campo distribuida y profesionalizada.<\/li>\n\n\n\n<li>Coordinaci\u00f3n previa con fabricantes y retailers.<\/li>\n\n\n\n<li>Equipos t\u00e9cnicos capacitados para montajes complejos (especialmente en expositores permanentes).<\/li>\n\n\n\n<li>Un sistema de trazabilidad que permita controlar en tiempo real la ejecuci\u00f3n y corregir cualquier desviaci\u00f3n.<\/li>\n<\/ul>\n\n\n\n<p>Cuando la selecci\u00f3n de formatos y la personalizaci\u00f3n de la acci\u00f3n est\u00e1n bien alineadas, el resultado no solo se ve en ventas, sino en c\u00f3mo el consumidor recuerda y percibe la marca en el punto de venta.<\/p>\n\n\n\n<figure class=\"wp-block-image size-full\"><img fetchpriority=\"high\" decoding=\"async\" width=\"1000\" height=\"667\" src=\"https:\/\/primer-impacto.com\/wp-content\/uploads\/2025\/09\/activar-campanas-estacionales-en-el-pdv-canales-formato-personalizacion.webp\" alt=\"Mujer joven utilizando un expositor permanente o semipermanente en una tienda, durante una campa\u00f1a estacional en el PDV\" class=\"wp-image-7897\" srcset=\"https:\/\/primer-impacto.com\/wp-content\/uploads\/2025\/09\/activar-campanas-estacionales-en-el-pdv-canales-formato-personalizacion.webp 1000w, https:\/\/primer-impacto.com\/wp-content\/uploads\/2025\/09\/activar-campanas-estacionales-en-el-pdv-canales-formato-personalizacion-300x200.webp 300w, https:\/\/primer-impacto.com\/wp-content\/uploads\/2025\/09\/activar-campanas-estacionales-en-el-pdv-canales-formato-personalizacion-768x512.webp 768w, https:\/\/primer-impacto.com\/wp-content\/uploads\/2025\/09\/activar-campanas-estacionales-en-el-pdv-canales-formato-personalizacion-18x12.webp 18w\" sizes=\"(max-width: 1000px) 100vw, 1000px\" \/><figcaption class=\"wp-element-caption\"><em>La clave est\u00e1 en c\u00f3mo se combinan los formatos y la personalizaci\u00f3n de la experiencia de compra.<\/em><\/figcaption><\/figure>\n\n\n\n<h2 class=\"wp-block-heading\"><strong>Conclusi\u00f3n: Conecta con tu p\u00fablico en el momento justo<\/strong><\/h2>\n\n\n\n<p>Una <a href=\"https:\/\/primer-impacto.com\/en\/campanas-tacticas-la-estrategia-retail-que-mejora-tu-marca-en-el-pdv\/\">campa\u00f1a t\u00e1ctica<\/a> estacional en el PDV bien dise\u00f1ada tiene el poder de impactar, emocionar, activar y fidelizar. Pero para que funcione, necesita planificaci\u00f3n rigurosa, ejecuci\u00f3n profesional y capacidad para adaptarse a lo que sucede en tiempo real.<\/p>\n\n\n\n<p>Las grandes superficies son espacios muy competitivos. Pero tambi\u00e9n ofrecen el mejor escenario para que una marca tecnol\u00f3gica brille en el momento justo. No se trata solo de hacer ruido: se trata de aparecer con precisi\u00f3n, con estrategia y excelencia operativa. Porque destacar no es improvisar. Es saber <strong>cu\u00e1ndo<\/strong>, <strong>c\u00f3mo<\/strong> y <strong>con qu\u00e9 intensidad<\/strong> aparecer.<\/p>","protected":false},"excerpt":{"rendered":"<p>Las campa\u00f1as de implantaci\u00f3n de PLV en PDV son la herramienta m\u00e1s potente para transformar una estrategia en resultados tangibles. Pero no todas las acciones tienen el mismo nivel de impacto. La clave est\u00e1 en c\u00f3mo se combinan los formatos y la personalizaci\u00f3n de la experiencia de compra. Canales y formatos clave: La elecci\u00f3n de [&hellip;]<\/p>","protected":false},"author":1,"featured_media":7894,"comment_status":"closed","ping_status":"open","sticky":false,"template":"","format":"standard","meta":{"inline_featured_image":false,"footnotes":""},"categories":[258],"tags":[],"class_list":["post-7893","post","type-post","status-publish","format-standard","has-post-thumbnail","hentry","category-gestion-de-pdv"],"yoast_head":"<!-- This site is optimized with the Yoast SEO plugin v22.9 - https:\/\/yoast.com\/wordpress\/plugins\/seo\/ -->\n<title>Como activar campa\u00f1as estacionales en el PDV - Primer impacto<\/title>\n<meta name=\"description\" content=\"Activa campa\u00f1as estacionales en PDV con PLV personalizada: formatos, experiencias y ejecuci\u00f3n impecable para destacar en el punto de venta.\" \/>\n<meta name=\"robots\" content=\"index, follow, max-snippet:-1, max-image-preview:large, max-video-preview:-1\" \/>\n<link rel=\"canonical\" href=\"https:\/\/primer-impacto.com\/en\/activar-campanas-estacionales-en-el-pdv-canales-formato-personalizacion\/\" \/>\n<meta property=\"og:locale\" content=\"en_GB\" \/>\n<meta property=\"og:type\" content=\"article\" \/>\n<meta property=\"og:title\" content=\"Como activar campa\u00f1as estacionales en el PDV - Primer impacto\" \/>\n<meta property=\"og:description\" content=\"Activa campa\u00f1as estacionales en PDV con PLV personalizada: formatos, experiencias y ejecuci\u00f3n impecable para destacar en el punto de venta.\" \/>\n<meta property=\"og:url\" content=\"https:\/\/primer-impacto.com\/en\/activar-campanas-estacionales-en-el-pdv-canales-formato-personalizacion\/\" \/>\n<meta property=\"og:site_name\" content=\"Primer impacto\" \/>\n<meta property=\"article:published_time\" content=\"2025-09-17T12:59:28+00:00\" \/>\n<meta property=\"article:modified_time\" content=\"2025-09-17T13:27:30+00:00\" \/>\n<meta property=\"og:image\" content=\"https:\/\/primer-impacto.com\/wp-content\/uploads\/2025\/09\/activar-campanas-estacionales-en-el-pdv.webp\" \/>\n\t<meta property=\"og:image:width\" content=\"1200\" \/>\n\t<meta property=\"og:image:height\" content=\"1200\" \/>\n\t<meta property=\"og:image:type\" content=\"image\/webp\" \/>\n<meta name=\"author\" content=\"admin\" \/>\n<meta name=\"twitter:card\" content=\"summary_large_image\" \/>\n<meta name=\"twitter:label1\" content=\"Written by\" \/>\n\t<meta name=\"twitter:data1\" content=\"admin\" \/>\n\t<meta name=\"twitter:label2\" content=\"Estimated reading time\" \/>\n\t<meta name=\"twitter:data2\" content=\"3 minutes\" \/>\n<script type=\"application\/ld+json\" class=\"yoast-schema-graph\">{\"@context\":\"https:\/\/schema.org\",\"@graph\":[{\"@type\":\"Article\",\"@id\":\"https:\/\/primer-impacto.com\/activar-campanas-estacionales-en-el-pdv-canales-formato-personalizacion\/#article\",\"isPartOf\":{\"@id\":\"https:\/\/primer-impacto.com\/activar-campanas-estacionales-en-el-pdv-canales-formato-personalizacion\/\"},\"author\":{\"name\":\"admin\",\"@id\":\"https:\/\/primer-impacto.com\/#\/schema\/person\/a5fde16f13962a866147b25c0e3f6629\"},\"headline\":\"C\u00f3mo activar campa\u00f1as estacionales en PDV: canales, formatos y personalizaci\u00f3n\",\"datePublished\":\"2025-09-17T12:59:28+00:00\",\"dateModified\":\"2025-09-17T13:27:30+00:00\",\"mainEntityOfPage\":{\"@id\":\"https:\/\/primer-impacto.com\/activar-campanas-estacionales-en-el-pdv-canales-formato-personalizacion\/\"},\"wordCount\":446,\"publisher\":{\"@id\":\"https:\/\/primer-impacto.com\/#organization\"},\"image\":{\"@id\":\"https:\/\/primer-impacto.com\/activar-campanas-estacionales-en-el-pdv-canales-formato-personalizacion\/#primaryimage\"},\"thumbnailUrl\":\"https:\/\/primer-impacto.com\/wp-content\/uploads\/2025\/09\/activar-campanas-estacionales-en-el-pdv.webp\",\"articleSection\":[\"Gesti\u00f3n del PDV\"],\"inLanguage\":\"en-GB\"},{\"@type\":\"WebPage\",\"@id\":\"https:\/\/primer-impacto.com\/activar-campanas-estacionales-en-el-pdv-canales-formato-personalizacion\/\",\"url\":\"https:\/\/primer-impacto.com\/activar-campanas-estacionales-en-el-pdv-canales-formato-personalizacion\/\",\"name\":\"Como activar campa\u00f1as estacionales en el PDV - Primer impacto\",\"isPartOf\":{\"@id\":\"https:\/\/primer-impacto.com\/#website\"},\"primaryImageOfPage\":{\"@id\":\"https:\/\/primer-impacto.com\/activar-campanas-estacionales-en-el-pdv-canales-formato-personalizacion\/#primaryimage\"},\"image\":{\"@id\":\"https:\/\/primer-impacto.com\/activar-campanas-estacionales-en-el-pdv-canales-formato-personalizacion\/#primaryimage\"},\"thumbnailUrl\":\"https:\/\/primer-impacto.com\/wp-content\/uploads\/2025\/09\/activar-campanas-estacionales-en-el-pdv.webp\",\"datePublished\":\"2025-09-17T12:59:28+00:00\",\"dateModified\":\"2025-09-17T13:27:30+00:00\",\"description\":\"Activa campa\u00f1as estacionales en PDV con PLV personalizada: formatos, experiencias y ejecuci\u00f3n impecable para destacar en el punto de venta.\",\"breadcrumb\":{\"@id\":\"https:\/\/primer-impacto.com\/activar-campanas-estacionales-en-el-pdv-canales-formato-personalizacion\/#breadcrumb\"},\"inLanguage\":\"en-GB\",\"potentialAction\":[{\"@type\":\"ReadAction\",\"target\":[\"https:\/\/primer-impacto.com\/activar-campanas-estacionales-en-el-pdv-canales-formato-personalizacion\/\"]}]},{\"@type\":\"ImageObject\",\"inLanguage\":\"en-GB\",\"@id\":\"https:\/\/primer-impacto.com\/activar-campanas-estacionales-en-el-pdv-canales-formato-personalizacion\/#primaryimage\",\"url\":\"https:\/\/primer-impacto.com\/wp-content\/uploads\/2025\/09\/activar-campanas-estacionales-en-el-pdv.webp\",\"contentUrl\":\"https:\/\/primer-impacto.com\/wp-content\/uploads\/2025\/09\/activar-campanas-estacionales-en-el-pdv.webp\",\"width\":1200,\"height\":1200},{\"@type\":\"BreadcrumbList\",\"@id\":\"https:\/\/primer-impacto.com\/activar-campanas-estacionales-en-el-pdv-canales-formato-personalizacion\/#breadcrumb\",\"itemListElement\":[{\"@type\":\"ListItem\",\"position\":1,\"name\":\"Portada\",\"item\":\"https:\/\/primer-impacto.com\/\"},{\"@type\":\"ListItem\",\"position\":2,\"name\":\"C\u00f3mo activar campa\u00f1as estacionales en PDV: canales, formatos y personalizaci\u00f3n\"}]},{\"@type\":\"WebSite\",\"@id\":\"https:\/\/primer-impacto.com\/#website\",\"url\":\"https:\/\/primer-impacto.com\/\",\"name\":\"Primer impacto\",\"description\":\"Especialistas en servicios en el Punto de Venta\",\"publisher\":{\"@id\":\"https:\/\/primer-impacto.com\/#organization\"},\"potentialAction\":[{\"@type\":\"SearchAction\",\"target\":{\"@type\":\"EntryPoint\",\"urlTemplate\":\"https:\/\/primer-impacto.com\/?s={search_term_string}\"},\"query-input\":\"required name=search_term_string\"}],\"inLanguage\":\"en-GB\"},{\"@type\":\"Organization\",\"@id\":\"https:\/\/primer-impacto.com\/#organization\",\"name\":\"Primer Impacto\",\"url\":\"https:\/\/primer-impacto.com\/\",\"logo\":{\"@type\":\"ImageObject\",\"inLanguage\":\"en-GB\",\"@id\":\"https:\/\/primer-impacto.com\/#\/schema\/logo\/image\/\",\"url\":\"https:\/\/primer-impacto.com\/wp-content\/uploads\/2022\/07\/logo_pi.png\",\"contentUrl\":\"https:\/\/primer-impacto.com\/wp-content\/uploads\/2022\/07\/logo_pi.png\",\"width\":377,\"height\":377,\"caption\":\"Primer Impacto\"},\"image\":{\"@id\":\"https:\/\/primer-impacto.com\/#\/schema\/logo\/image\/\"}},{\"@type\":\"Person\",\"@id\":\"https:\/\/primer-impacto.com\/#\/schema\/person\/a5fde16f13962a866147b25c0e3f6629\",\"name\":\"admin\",\"image\":{\"@type\":\"ImageObject\",\"inLanguage\":\"en-GB\",\"@id\":\"https:\/\/primer-impacto.com\/#\/schema\/person\/image\/\",\"url\":\"https:\/\/secure.gravatar.com\/avatar\/9d4580a48cd1910cc51e0dfd3fd063c0caadea953e64fb47c872043d240ffeab?s=96&d=mm&r=g\",\"contentUrl\":\"https:\/\/secure.gravatar.com\/avatar\/9d4580a48cd1910cc51e0dfd3fd063c0caadea953e64fb47c872043d240ffeab?s=96&d=mm&r=g\",\"caption\":\"admin\"},\"sameAs\":[\"https:\/\/primer-impacto.com\"]}]}<\/script>\n<!-- \/ Yoast SEO plugin. -->","yoast_head_json":{"title":"Como activar campa\u00f1as estacionales en el PDV - Primer impacto","description":"Activa campa\u00f1as estacionales en PDV con PLV personalizada: formatos, experiencias y ejecuci\u00f3n impecable para destacar en el punto de venta.","robots":{"index":"index","follow":"follow","max-snippet":"max-snippet:-1","max-image-preview":"max-image-preview:large","max-video-preview":"max-video-preview:-1"},"canonical":"https:\/\/primer-impacto.com\/en\/activar-campanas-estacionales-en-el-pdv-canales-formato-personalizacion\/","og_locale":"en_GB","og_type":"article","og_title":"Como activar campa\u00f1as estacionales en el PDV - Primer impacto","og_description":"Activa campa\u00f1as estacionales en PDV con PLV personalizada: formatos, experiencias y ejecuci\u00f3n impecable para destacar en el punto de venta.","og_url":"https:\/\/primer-impacto.com\/en\/activar-campanas-estacionales-en-el-pdv-canales-formato-personalizacion\/","og_site_name":"Primer impacto","article_published_time":"2025-09-17T12:59:28+00:00","article_modified_time":"2025-09-17T13:27:30+00:00","og_image":[{"width":1200,"height":1200,"url":"https:\/\/primer-impacto.com\/wp-content\/uploads\/2025\/09\/activar-campanas-estacionales-en-el-pdv.webp","type":"image\/webp"}],"author":"admin","twitter_card":"summary_large_image","twitter_misc":{"Written by":"admin","Estimated reading time":"3 minutes"},"schema":{"@context":"https:\/\/schema.org","@graph":[{"@type":"Article","@id":"https:\/\/primer-impacto.com\/activar-campanas-estacionales-en-el-pdv-canales-formato-personalizacion\/#article","isPartOf":{"@id":"https:\/\/primer-impacto.com\/activar-campanas-estacionales-en-el-pdv-canales-formato-personalizacion\/"},"author":{"name":"admin","@id":"https:\/\/primer-impacto.com\/#\/schema\/person\/a5fde16f13962a866147b25c0e3f6629"},"headline":"C\u00f3mo activar campa\u00f1as estacionales en PDV: canales, formatos y personalizaci\u00f3n","datePublished":"2025-09-17T12:59:28+00:00","dateModified":"2025-09-17T13:27:30+00:00","mainEntityOfPage":{"@id":"https:\/\/primer-impacto.com\/activar-campanas-estacionales-en-el-pdv-canales-formato-personalizacion\/"},"wordCount":446,"publisher":{"@id":"https:\/\/primer-impacto.com\/#organization"},"image":{"@id":"https:\/\/primer-impacto.com\/activar-campanas-estacionales-en-el-pdv-canales-formato-personalizacion\/#primaryimage"},"thumbnailUrl":"https:\/\/primer-impacto.com\/wp-content\/uploads\/2025\/09\/activar-campanas-estacionales-en-el-pdv.webp","articleSection":["Gesti\u00f3n del PDV"],"inLanguage":"en-GB"},{"@type":"WebPage","@id":"https:\/\/primer-impacto.com\/activar-campanas-estacionales-en-el-pdv-canales-formato-personalizacion\/","url":"https:\/\/primer-impacto.com\/activar-campanas-estacionales-en-el-pdv-canales-formato-personalizacion\/","name":"Como activar campa\u00f1as estacionales en el PDV - Primer impacto","isPartOf":{"@id":"https:\/\/primer-impacto.com\/#website"},"primaryImageOfPage":{"@id":"https:\/\/primer-impacto.com\/activar-campanas-estacionales-en-el-pdv-canales-formato-personalizacion\/#primaryimage"},"image":{"@id":"https:\/\/primer-impacto.com\/activar-campanas-estacionales-en-el-pdv-canales-formato-personalizacion\/#primaryimage"},"thumbnailUrl":"https:\/\/primer-impacto.com\/wp-content\/uploads\/2025\/09\/activar-campanas-estacionales-en-el-pdv.webp","datePublished":"2025-09-17T12:59:28+00:00","dateModified":"2025-09-17T13:27:30+00:00","description":"Activa campa\u00f1as estacionales en PDV con PLV personalizada: formatos, experiencias y ejecuci\u00f3n impecable para destacar en el punto de venta.","breadcrumb":{"@id":"https:\/\/primer-impacto.com\/activar-campanas-estacionales-en-el-pdv-canales-formato-personalizacion\/#breadcrumb"},"inLanguage":"en-GB","potentialAction":[{"@type":"ReadAction","target":["https:\/\/primer-impacto.com\/activar-campanas-estacionales-en-el-pdv-canales-formato-personalizacion\/"]}]},{"@type":"ImageObject","inLanguage":"en-GB","@id":"https:\/\/primer-impacto.com\/activar-campanas-estacionales-en-el-pdv-canales-formato-personalizacion\/#primaryimage","url":"https:\/\/primer-impacto.com\/wp-content\/uploads\/2025\/09\/activar-campanas-estacionales-en-el-pdv.webp","contentUrl":"https:\/\/primer-impacto.com\/wp-content\/uploads\/2025\/09\/activar-campanas-estacionales-en-el-pdv.webp","width":1200,"height":1200},{"@type":"BreadcrumbList","@id":"https:\/\/primer-impacto.com\/activar-campanas-estacionales-en-el-pdv-canales-formato-personalizacion\/#breadcrumb","itemListElement":[{"@type":"ListItem","position":1,"name":"Portada","item":"https:\/\/primer-impacto.com\/"},{"@type":"ListItem","position":2,"name":"C\u00f3mo activar campa\u00f1as estacionales en PDV: canales, formatos y personalizaci\u00f3n"}]},{"@type":"WebSite","@id":"https:\/\/primer-impacto.com\/#website","url":"https:\/\/primer-impacto.com\/","name":"Primer impacto","description":"Especialistas en servicios en el Punto de Venta","publisher":{"@id":"https:\/\/primer-impacto.com\/#organization"},"potentialAction":[{"@type":"SearchAction","target":{"@type":"EntryPoint","urlTemplate":"https:\/\/primer-impacto.com\/?s={search_term_string}"},"query-input":"required name=search_term_string"}],"inLanguage":"en-GB"},{"@type":"Organization","@id":"https:\/\/primer-impacto.com\/#organization","name":"Primer Impacto","url":"https:\/\/primer-impacto.com\/","logo":{"@type":"ImageObject","inLanguage":"en-GB","@id":"https:\/\/primer-impacto.com\/#\/schema\/logo\/image\/","url":"https:\/\/primer-impacto.com\/wp-content\/uploads\/2022\/07\/logo_pi.png","contentUrl":"https:\/\/primer-impacto.com\/wp-content\/uploads\/2022\/07\/logo_pi.png","width":377,"height":377,"caption":"Primer Impacto"},"image":{"@id":"https:\/\/primer-impacto.com\/#\/schema\/logo\/image\/"}},{"@type":"Person","@id":"https:\/\/primer-impacto.com\/#\/schema\/person\/a5fde16f13962a866147b25c0e3f6629","name":"admin","image":{"@type":"ImageObject","inLanguage":"en-GB","@id":"https:\/\/primer-impacto.com\/#\/schema\/person\/image\/","url":"https:\/\/secure.gravatar.com\/avatar\/9d4580a48cd1910cc51e0dfd3fd063c0caadea953e64fb47c872043d240ffeab?s=96&d=mm&r=g","contentUrl":"https:\/\/secure.gravatar.com\/avatar\/9d4580a48cd1910cc51e0dfd3fd063c0caadea953e64fb47c872043d240ffeab?s=96&d=mm&r=g","caption":"admin"},"sameAs":["https:\/\/primer-impacto.com"]}]}},"_links":{"self":[{"href":"https:\/\/primer-impacto.com\/en\/wp-json\/wp\/v2\/posts\/7893","targetHints":{"allow":["GET"]}}],"collection":[{"href":"https:\/\/primer-impacto.com\/en\/wp-json\/wp\/v2\/posts"}],"about":[{"href":"https:\/\/primer-impacto.com\/en\/wp-json\/wp\/v2\/types\/post"}],"author":[{"embeddable":true,"href":"https:\/\/primer-impacto.com\/en\/wp-json\/wp\/v2\/users\/1"}],"replies":[{"embeddable":true,"href":"https:\/\/primer-impacto.com\/en\/wp-json\/wp\/v2\/comments?post=7893"}],"version-history":[{"count":2,"href":"https:\/\/primer-impacto.com\/en\/wp-json\/wp\/v2\/posts\/7893\/revisions"}],"predecessor-version":[{"id":7898,"href":"https:\/\/primer-impacto.com\/en\/wp-json\/wp\/v2\/posts\/7893\/revisions\/7898"}],"wp:featuredmedia":[{"embeddable":true,"href":"https:\/\/primer-impacto.com\/en\/wp-json\/wp\/v2\/media\/7894"}],"wp:attachment":[{"href":"https:\/\/primer-impacto.com\/en\/wp-json\/wp\/v2\/media?parent=7893"}],"wp:term":[{"taxonomy":"category","embeddable":true,"href":"https:\/\/primer-impacto.com\/en\/wp-json\/wp\/v2\/categories?post=7893"},{"taxonomy":"post_tag","embeddable":true,"href":"https:\/\/primer-impacto.com\/en\/wp-json\/wp\/v2\/tags?post=7893"}],"curies":[{"name":"wp","href":"https:\/\/api.w.org\/{rel}","templated":true}]}}