{"id":6017,"date":"2023-05-04T07:54:41","date_gmt":"2023-05-04T07:54:41","guid":{"rendered":"https:\/\/primer-impacto.com\/?p=6017"},"modified":"2024-02-19T17:21:20","modified_gmt":"2024-02-19T17:21:20","slug":"el-camino-de-patricia-en-primer-impacto","status":"publish","type":"post","link":"https:\/\/primer-impacto.com\/en\/el-camino-de-patricia-en-primer-impacto\/","title":{"rendered":"El Camino de Patricia en Primer Impacto"},"content":{"rendered":"<p>El prop\u00f3sito de Primer Impacto es \u201cGenerar las mejores ventas para las marcas, cuidando y desarrollando a las personas\u201d, y cuando los objetivos de la compa\u00f1\u00eda y de las personas que la forman, est\u00e1n alineados, fluyen y se convierten en realidades, en historias que contar, en ejemplos para todos. <\/p>\n\n\n\n<p>Patricia Manso empez\u00f3 a trabajar en Primer Impacto en 2014 como ejecutiva de cuentas, gestionando grandes cuentas de canales tan diferentes como cosm\u00e9tica, banca o farma. A Patri siempre le ha gustado el departamento comercial, y hab\u00eda demostrado con creces tener las habilidades necesarias para crecer en ese sentido. Hoy en d\u00eda Patri es KAM en Primer Impacto, ayuda a nuestros clientes a vender m\u00e1s y mejor y gestiona un equipo de ejecutivos a los que gu\u00eda y desarrolla para que cada cual encuentre la posici\u00f3n en la que se sienta mejor profesional. <\/p>\n\n\n\n<p>\u00a1Gracias Patri! \ud83d\ude00<\/p>\n\n\n\n<figure class=\"wp-block-embed is-type-video is-provider-youtube wp-block-embed-youtube wp-embed-aspect-16-9 wp-has-aspect-ratio\"><div class=\"wp-block-embed__wrapper\">\n<iframe title=\"El camino de Patri en PI\" width=\"800\" height=\"450\" src=\"https:\/\/www.youtube.com\/embed\/FG7ZlM5KygA?feature=oembed\" frameborder=\"0\" allow=\"accelerometer; autoplay; clipboard-write; encrypted-media; gyroscope; picture-in-picture; web-share\" allowfullscreen><\/iframe>\n<\/div><\/figure>\n\n\n\n<p><\/p>","protected":false},"excerpt":{"rendered":"<p>El prop\u00f3sito de Primer Impacto es \u201cGenerar las mejores ventas para las marcas, cuidando y desarrollando a las personas\u201d, y cuando los objetivos de la compa\u00f1\u00eda y de las personas que la forman, est\u00e1n alineados, fluyen y se convierten en realidades, en historias que contar, en ejemplos para todos. Patricia Manso empez\u00f3 a trabajar en [&hellip;]<\/p>","protected":false},"author":1,"featured_media":6020,"comment_status":"closed","ping_status":"open","sticky":false,"template":"","format":"standard","meta":{"inline_featured_image":false,"footnotes":""},"categories":[21],"tags":[265],"class_list":["post-6017","post","type-post","status-publish","format-standard","has-post-thumbnail","hentry","category-novedades","tag-notas-de-blog"],"yoast_head":"<!-- This site is optimized with the Yoast SEO plugin v22.9 - https:\/\/yoast.com\/wordpress\/plugins\/seo\/ -->\n<title>El Camino de Patricia en Primer Impacto - Primer impacto<\/title>\n<meta name=\"description\" content=\"Patricia Manso se uni\u00f3 a PI en 2014 como ejecutiva de cuentas, donde gestion\u00f3 cuentas en sectores como cosm\u00e9tica, banca y farmac\u00e9utica.\" \/>\n<meta name=\"robots\" content=\"index, follow, max-snippet:-1, max-image-preview:large, max-video-preview:-1\" \/>\n<link rel=\"canonical\" href=\"https:\/\/primer-impacto.com\/en\/el-camino-de-patricia-en-primer-impacto\/\" \/>\n<meta property=\"og:locale\" content=\"en_GB\" \/>\n<meta property=\"og:type\" content=\"article\" \/>\n<meta property=\"og:title\" content=\"El Camino de Patricia en Primer Impacto - Primer impacto\" \/>\n<meta property=\"og:description\" content=\"Patricia Manso se uni\u00f3 a PI en 2014 como ejecutiva de cuentas, donde gestion\u00f3 cuentas en sectores como cosm\u00e9tica, banca y farmac\u00e9utica.\" \/>\n<meta property=\"og:url\" content=\"https:\/\/primer-impacto.com\/en\/el-camino-de-patricia-en-primer-impacto\/\" \/>\n<meta property=\"og:site_name\" content=\"Primer impacto\" \/>\n<meta property=\"article:published_time\" content=\"2023-05-04T07:54:41+00:00\" \/>\n<meta property=\"article:modified_time\" content=\"2024-02-19T17:21:20+00:00\" \/>\n<meta property=\"og:image\" content=\"https:\/\/primer-impacto.com\/wp-content\/uploads\/2023\/05\/LinkedIn-PI-2023-2.jpg\" \/>\n\t<meta property=\"og:image:width\" content=\"1470\" \/>\n\t<meta property=\"og:image:height\" content=\"824\" \/>\n\t<meta property=\"og:image:type\" content=\"image\/jpeg\" \/>\n<meta name=\"author\" content=\"admin\" \/>\n<meta name=\"twitter:card\" content=\"summary_large_image\" \/>\n<meta name=\"twitter:label1\" content=\"Written by\" \/>\n\t<meta name=\"twitter:data1\" content=\"admin\" \/>\n\t<meta name=\"twitter:label2\" content=\"Estimated reading time\" \/>\n\t<meta name=\"twitter:data2\" content=\"1 minute\" \/>\n<script type=\"application\/ld+json\" class=\"yoast-schema-graph\">{\"@context\":\"https:\/\/schema.org\",\"@graph\":[{\"@type\":\"Article\",\"@id\":\"https:\/\/primer-impacto.com\/el-camino-de-patricia-en-primer-impacto\/#article\",\"isPartOf\":{\"@id\":\"https:\/\/primer-impacto.com\/el-camino-de-patricia-en-primer-impacto\/\"},\"author\":{\"name\":\"admin\",\"@id\":\"https:\/\/primer-impacto.com\/#\/schema\/person\/a5fde16f13962a866147b25c0e3f6629\"},\"headline\":\"El Camino de Patricia en Primer Impacto\",\"datePublished\":\"2023-05-04T07:54:41+00:00\",\"dateModified\":\"2024-02-19T17:21:20+00:00\",\"mainEntityOfPage\":{\"@id\":\"https:\/\/primer-impacto.com\/el-camino-de-patricia-en-primer-impacto\/\"},\"wordCount\":165,\"publisher\":{\"@id\":\"https:\/\/primer-impacto.com\/#organization\"},\"image\":{\"@id\":\"https:\/\/primer-impacto.com\/el-camino-de-patricia-en-primer-impacto\/#primaryimage\"},\"thumbnailUrl\":\"https:\/\/primer-impacto.com\/wp-content\/uploads\/2023\/05\/LinkedIn-PI-2023-2.jpg\",\"keywords\":[\"Notas de Blog\"],\"articleSection\":[\"Novedades\"],\"inLanguage\":\"en-GB\"},{\"@type\":\"WebPage\",\"@id\":\"https:\/\/primer-impacto.com\/el-camino-de-patricia-en-primer-impacto\/\",\"url\":\"https:\/\/primer-impacto.com\/el-camino-de-patricia-en-primer-impacto\/\",\"name\":\"El Camino de Patricia en Primer Impacto - Primer impacto\",\"isPartOf\":{\"@id\":\"https:\/\/primer-impacto.com\/#website\"},\"primaryImageOfPage\":{\"@id\":\"https:\/\/primer-impacto.com\/el-camino-de-patricia-en-primer-impacto\/#primaryimage\"},\"image\":{\"@id\":\"https:\/\/primer-impacto.com\/el-camino-de-patricia-en-primer-impacto\/#primaryimage\"},\"thumbnailUrl\":\"https:\/\/primer-impacto.com\/wp-content\/uploads\/2023\/05\/LinkedIn-PI-2023-2.jpg\",\"datePublished\":\"2023-05-04T07:54:41+00:00\",\"dateModified\":\"2024-02-19T17:21:20+00:00\",\"description\":\"Patricia Manso se uni\u00f3 a PI en 2014 como ejecutiva de cuentas, donde gestion\u00f3 cuentas en sectores como cosm\u00e9tica, banca y farmac\u00e9utica.\",\"breadcrumb\":{\"@id\":\"https:\/\/primer-impacto.com\/el-camino-de-patricia-en-primer-impacto\/#breadcrumb\"},\"inLanguage\":\"en-GB\",\"potentialAction\":[{\"@type\":\"ReadAction\",\"target\":[\"https:\/\/primer-impacto.com\/el-camino-de-patricia-en-primer-impacto\/\"]}]},{\"@type\":\"ImageObject\",\"inLanguage\":\"en-GB\",\"@id\":\"https:\/\/primer-impacto.com\/el-camino-de-patricia-en-primer-impacto\/#primaryimage\",\"url\":\"https:\/\/primer-impacto.com\/wp-content\/uploads\/2023\/05\/LinkedIn-PI-2023-2.jpg\",\"contentUrl\":\"https:\/\/primer-impacto.com\/wp-content\/uploads\/2023\/05\/LinkedIn-PI-2023-2.jpg\",\"width\":1470,\"height\":824},{\"@type\":\"BreadcrumbList\",\"@id\":\"https:\/\/primer-impacto.com\/el-camino-de-patricia-en-primer-impacto\/#breadcrumb\",\"itemListElement\":[{\"@type\":\"ListItem\",\"position\":1,\"name\":\"Portada\",\"item\":\"https:\/\/primer-impacto.com\/\"},{\"@type\":\"ListItem\",\"position\":2,\"name\":\"El Camino de Patricia en Primer Impacto\"}]},{\"@type\":\"WebSite\",\"@id\":\"https:\/\/primer-impacto.com\/#website\",\"url\":\"https:\/\/primer-impacto.com\/\",\"name\":\"Primer impacto\",\"description\":\"Especialistas en servicios en el Punto de Venta\",\"publisher\":{\"@id\":\"https:\/\/primer-impacto.com\/#organization\"},\"potentialAction\":[{\"@type\":\"SearchAction\",\"target\":{\"@type\":\"EntryPoint\",\"urlTemplate\":\"https:\/\/primer-impacto.com\/?s={search_term_string}\"},\"query-input\":\"required name=search_term_string\"}],\"inLanguage\":\"en-GB\"},{\"@type\":\"Organization\",\"@id\":\"https:\/\/primer-impacto.com\/#organization\",\"name\":\"Primer Impacto\",\"url\":\"https:\/\/primer-impacto.com\/\",\"logo\":{\"@type\":\"ImageObject\",\"inLanguage\":\"en-GB\",\"@id\":\"https:\/\/primer-impacto.com\/#\/schema\/logo\/image\/\",\"url\":\"https:\/\/primer-impacto.com\/wp-content\/uploads\/2022\/07\/logo_pi.png\",\"contentUrl\":\"https:\/\/primer-impacto.com\/wp-content\/uploads\/2022\/07\/logo_pi.png\",\"width\":377,\"height\":377,\"caption\":\"Primer Impacto\"},\"image\":{\"@id\":\"https:\/\/primer-impacto.com\/#\/schema\/logo\/image\/\"}},{\"@type\":\"Person\",\"@id\":\"https:\/\/primer-impacto.com\/#\/schema\/person\/a5fde16f13962a866147b25c0e3f6629\",\"name\":\"admin\",\"image\":{\"@type\":\"ImageObject\",\"inLanguage\":\"en-GB\",\"@id\":\"https:\/\/primer-impacto.com\/#\/schema\/person\/image\/\",\"url\":\"https:\/\/secure.gravatar.com\/avatar\/9d4580a48cd1910cc51e0dfd3fd063c0caadea953e64fb47c872043d240ffeab?s=96&d=mm&r=g\",\"contentUrl\":\"https:\/\/secure.gravatar.com\/avatar\/9d4580a48cd1910cc51e0dfd3fd063c0caadea953e64fb47c872043d240ffeab?s=96&d=mm&r=g\",\"caption\":\"admin\"},\"sameAs\":[\"https:\/\/primer-impacto.com\"]}]}<\/script>\n<!-- \/ Yoast SEO plugin. -->","yoast_head_json":{"title":"El Camino de Patricia en Primer Impacto - Primer impacto","description":"Patricia Manso se uni\u00f3 a PI en 2014 como ejecutiva de cuentas, donde gestion\u00f3 cuentas en sectores como cosm\u00e9tica, banca y farmac\u00e9utica.","robots":{"index":"index","follow":"follow","max-snippet":"max-snippet:-1","max-image-preview":"max-image-preview:large","max-video-preview":"max-video-preview:-1"},"canonical":"https:\/\/primer-impacto.com\/en\/el-camino-de-patricia-en-primer-impacto\/","og_locale":"en_GB","og_type":"article","og_title":"El Camino de Patricia en Primer Impacto - Primer impacto","og_description":"Patricia Manso se uni\u00f3 a PI en 2014 como ejecutiva de cuentas, donde gestion\u00f3 cuentas en sectores como cosm\u00e9tica, banca y farmac\u00e9utica.","og_url":"https:\/\/primer-impacto.com\/en\/el-camino-de-patricia-en-primer-impacto\/","og_site_name":"Primer impacto","article_published_time":"2023-05-04T07:54:41+00:00","article_modified_time":"2024-02-19T17:21:20+00:00","og_image":[{"width":1470,"height":824,"url":"https:\/\/primer-impacto.com\/wp-content\/uploads\/2023\/05\/LinkedIn-PI-2023-2.jpg","type":"image\/jpeg"}],"author":"admin","twitter_card":"summary_large_image","twitter_misc":{"Written by":"admin","Estimated reading time":"1 minute"},"schema":{"@context":"https:\/\/schema.org","@graph":[{"@type":"Article","@id":"https:\/\/primer-impacto.com\/el-camino-de-patricia-en-primer-impacto\/#article","isPartOf":{"@id":"https:\/\/primer-impacto.com\/el-camino-de-patricia-en-primer-impacto\/"},"author":{"name":"admin","@id":"https:\/\/primer-impacto.com\/#\/schema\/person\/a5fde16f13962a866147b25c0e3f6629"},"headline":"El Camino de Patricia en Primer Impacto","datePublished":"2023-05-04T07:54:41+00:00","dateModified":"2024-02-19T17:21:20+00:00","mainEntityOfPage":{"@id":"https:\/\/primer-impacto.com\/el-camino-de-patricia-en-primer-impacto\/"},"wordCount":165,"publisher":{"@id":"https:\/\/primer-impacto.com\/#organization"},"image":{"@id":"https:\/\/primer-impacto.com\/el-camino-de-patricia-en-primer-impacto\/#primaryimage"},"thumbnailUrl":"https:\/\/primer-impacto.com\/wp-content\/uploads\/2023\/05\/LinkedIn-PI-2023-2.jpg","keywords":["Notas de Blog"],"articleSection":["Novedades"],"inLanguage":"en-GB"},{"@type":"WebPage","@id":"https:\/\/primer-impacto.com\/el-camino-de-patricia-en-primer-impacto\/","url":"https:\/\/primer-impacto.com\/el-camino-de-patricia-en-primer-impacto\/","name":"El Camino de Patricia en Primer Impacto - Primer impacto","isPartOf":{"@id":"https:\/\/primer-impacto.com\/#website"},"primaryImageOfPage":{"@id":"https:\/\/primer-impacto.com\/el-camino-de-patricia-en-primer-impacto\/#primaryimage"},"image":{"@id":"https:\/\/primer-impacto.com\/el-camino-de-patricia-en-primer-impacto\/#primaryimage"},"thumbnailUrl":"https:\/\/primer-impacto.com\/wp-content\/uploads\/2023\/05\/LinkedIn-PI-2023-2.jpg","datePublished":"2023-05-04T07:54:41+00:00","dateModified":"2024-02-19T17:21:20+00:00","description":"Patricia Manso se uni\u00f3 a PI en 2014 como ejecutiva de cuentas, donde gestion\u00f3 cuentas en sectores como cosm\u00e9tica, banca y farmac\u00e9utica.","breadcrumb":{"@id":"https:\/\/primer-impacto.com\/el-camino-de-patricia-en-primer-impacto\/#breadcrumb"},"inLanguage":"en-GB","potentialAction":[{"@type":"ReadAction","target":["https:\/\/primer-impacto.com\/el-camino-de-patricia-en-primer-impacto\/"]}]},{"@type":"ImageObject","inLanguage":"en-GB","@id":"https:\/\/primer-impacto.com\/el-camino-de-patricia-en-primer-impacto\/#primaryimage","url":"https:\/\/primer-impacto.com\/wp-content\/uploads\/2023\/05\/LinkedIn-PI-2023-2.jpg","contentUrl":"https:\/\/primer-impacto.com\/wp-content\/uploads\/2023\/05\/LinkedIn-PI-2023-2.jpg","width":1470,"height":824},{"@type":"BreadcrumbList","@id":"https:\/\/primer-impacto.com\/el-camino-de-patricia-en-primer-impacto\/#breadcrumb","itemListElement":[{"@type":"ListItem","position":1,"name":"Portada","item":"https:\/\/primer-impacto.com\/"},{"@type":"ListItem","position":2,"name":"El Camino de Patricia en Primer Impacto"}]},{"@type":"WebSite","@id":"https:\/\/primer-impacto.com\/#website","url":"https:\/\/primer-impacto.com\/","name":"Primer impacto","description":"Especialistas en servicios en el Punto de Venta","publisher":{"@id":"https:\/\/primer-impacto.com\/#organization"},"potentialAction":[{"@type":"SearchAction","target":{"@type":"EntryPoint","urlTemplate":"https:\/\/primer-impacto.com\/?s={search_term_string}"},"query-input":"required name=search_term_string"}],"inLanguage":"en-GB"},{"@type":"Organization","@id":"https:\/\/primer-impacto.com\/#organization","name":"Primer Impacto","url":"https:\/\/primer-impacto.com\/","logo":{"@type":"ImageObject","inLanguage":"en-GB","@id":"https:\/\/primer-impacto.com\/#\/schema\/logo\/image\/","url":"https:\/\/primer-impacto.com\/wp-content\/uploads\/2022\/07\/logo_pi.png","contentUrl":"https:\/\/primer-impacto.com\/wp-content\/uploads\/2022\/07\/logo_pi.png","width":377,"height":377,"caption":"Primer Impacto"},"image":{"@id":"https:\/\/primer-impacto.com\/#\/schema\/logo\/image\/"}},{"@type":"Person","@id":"https:\/\/primer-impacto.com\/#\/schema\/person\/a5fde16f13962a866147b25c0e3f6629","name":"admin","image":{"@type":"ImageObject","inLanguage":"en-GB","@id":"https:\/\/primer-impacto.com\/#\/schema\/person\/image\/","url":"https:\/\/secure.gravatar.com\/avatar\/9d4580a48cd1910cc51e0dfd3fd063c0caadea953e64fb47c872043d240ffeab?s=96&d=mm&r=g","contentUrl":"https:\/\/secure.gravatar.com\/avatar\/9d4580a48cd1910cc51e0dfd3fd063c0caadea953e64fb47c872043d240ffeab?s=96&d=mm&r=g","caption":"admin"},"sameAs":["https:\/\/primer-impacto.com"]}]}},"_links":{"self":[{"href":"https:\/\/primer-impacto.com\/en\/wp-json\/wp\/v2\/posts\/6017","targetHints":{"allow":["GET"]}}],"collection":[{"href":"https:\/\/primer-impacto.com\/en\/wp-json\/wp\/v2\/posts"}],"about":[{"href":"https:\/\/primer-impacto.com\/en\/wp-json\/wp\/v2\/types\/post"}],"author":[{"embeddable":true,"href":"https:\/\/primer-impacto.com\/en\/wp-json\/wp\/v2\/users\/1"}],"replies":[{"embeddable":true,"href":"https:\/\/primer-impacto.com\/en\/wp-json\/wp\/v2\/comments?post=6017"}],"version-history":[{"count":1,"href":"https:\/\/primer-impacto.com\/en\/wp-json\/wp\/v2\/posts\/6017\/revisions"}],"predecessor-version":[{"id":6021,"href":"https:\/\/primer-impacto.com\/en\/wp-json\/wp\/v2\/posts\/6017\/revisions\/6021"}],"wp:featuredmedia":[{"embeddable":true,"href":"https:\/\/primer-impacto.com\/en\/wp-json\/wp\/v2\/media\/6020"}],"wp:attachment":[{"href":"https:\/\/primer-impacto.com\/en\/wp-json\/wp\/v2\/media?parent=6017"}],"wp:term":[{"taxonomy":"category","embeddable":true,"href":"https:\/\/primer-impacto.com\/en\/wp-json\/wp\/v2\/categories?post=6017"},{"taxonomy":"post_tag","embeddable":true,"href":"https:\/\/primer-impacto.com\/en\/wp-json\/wp\/v2\/tags?post=6017"}],"curies":[{"name":"wp","href":"https:\/\/api.w.org\/{rel}","templated":true}]}}