{"id":5476,"date":"2023-01-10T16:10:16","date_gmt":"2023-01-10T16:10:16","guid":{"rendered":"https:\/\/primer-impacto.com\/?p=5476"},"modified":"2023-05-10T09:12:01","modified_gmt":"2023-05-10T09:12:01","slug":"perspectivas-del-retail-2023","status":"publish","type":"post","link":"https:\/\/primer-impacto.com\/en\/perspectivas-del-retail-2023\/","title":{"rendered":"Retail Outlook 2023"},"content":{"rendered":"<h2 class=\"wp-block-heading has-medium-font-size\">El futuro del Retail en el 2023<\/h2>\n\n\n\n<p>Seg\u00fan el 15.\u00b0 Estudio Anual del Consumidor realizado por Zebra, el comprador ha vuelto a las tiendas (76 %) pero son muchos los cambios. La omnicanalidad est\u00e1 presente en pr\u00e1cticamente todo el proceso de compra, Internet y la tecnolog\u00eda, son hoy por hoy herramientas que deben estar presentes en el retail<\/p>\n\n\n\n<p>Descubre alguna de estas tendencias en la siguiente infograf\u00eda \ud83d\udc47\ud83c\udffc<\/p>\n\n\n\n<figure class=\"wp-block-image size-full\"><img fetchpriority=\"high\" decoding=\"async\" width=\"693\" height=\"884\" src=\"https:\/\/primer-impacto.com\/wp-content\/uploads\/2023\/01\/Infografia-Perspectivas-Retail-2023.jpg\" alt=\"\" class=\"wp-image-5477\" srcset=\"https:\/\/primer-impacto.com\/wp-content\/uploads\/2023\/01\/Infografia-Perspectivas-Retail-2023.jpg 693w, https:\/\/primer-impacto.com\/wp-content\/uploads\/2023\/01\/Infografia-Perspectivas-Retail-2023-235x300.jpg 235w\" sizes=\"(max-width: 693px) 100vw, 693px\" \/><\/figure>\n\n\n\n<h3 class=\"wp-block-heading has-text-align-center has-text-color has-medium-font-size\" style=\"color:#f3003a\"><a href=\"https:\/\/primer-impacto.com\/en\/tendencias-del-retail-2022\/\">Haz la comparaci\u00f3n con las tendencias de retail 2022 AQU\u00cd<\/a><\/h3>","protected":false},"excerpt":{"rendered":"<p>El futuro del Retail en el 2023 Seg\u00fan el 15.\u00b0 Estudio Anual del Consumidor realizado por Zebra, el comprador ha vuelto a las tiendas (76 %) pero son muchos los cambios. La omnicanalidad est\u00e1 presente en pr\u00e1cticamente todo el proceso de compra, Internet y la tecnolog\u00eda, son hoy por hoy herramientas que deben estar presentes [&hellip;]<\/p>","protected":false},"author":1,"featured_media":4161,"comment_status":"closed","ping_status":"open","sticky":false,"template":"","format":"standard","meta":{"inline_featured_image":false,"footnotes":""},"categories":[21],"tags":[255,278],"class_list":["post-5476","post","type-post","status-publish","format-standard","has-post-thumbnail","hentry","category-novedades","tag-infografia","tag-retail"],"yoast_head":"<!-- This site is optimized with the Yoast SEO plugin v22.9 - https:\/\/yoast.com\/wordpress\/plugins\/seo\/ -->\n<title>Perspectivas del Retail 2023 - Primer impacto<\/title>\n<meta name=\"description\" content=\"Las tendencias y perspectivas en retail han cambiado para este 2023. Descubre todas estas tendencias en esta infograf\u00eda\" \/>\n<meta name=\"robots\" content=\"index, follow, max-snippet:-1, max-image-preview:large, max-video-preview:-1\" \/>\n<link rel=\"canonical\" href=\"https:\/\/primer-impacto.com\/en\/perspectivas-del-retail-2023\/\" \/>\n<meta property=\"og:locale\" content=\"en_GB\" \/>\n<meta property=\"og:type\" content=\"article\" \/>\n<meta property=\"og:title\" content=\"Perspectivas del Retail 2023 - Primer impacto\" \/>\n<meta property=\"og:description\" content=\"Las tendencias y perspectivas en retail han cambiado para este 2023. Descubre todas estas tendencias en esta infograf\u00eda\" \/>\n<meta property=\"og:url\" content=\"https:\/\/primer-impacto.com\/en\/perspectivas-del-retail-2023\/\" \/>\n<meta property=\"og:site_name\" content=\"Primer impacto\" \/>\n<meta property=\"article:published_time\" content=\"2023-01-10T16:10:16+00:00\" \/>\n<meta property=\"article:modified_time\" content=\"2023-05-10T09:12:01+00:00\" \/>\n<meta property=\"og:image\" content=\"https:\/\/primer-impacto.com\/wp-content\/uploads\/2022\/07\/Portadas-2-36.png\" \/>\n\t<meta property=\"og:image:width\" content=\"800\" \/>\n\t<meta property=\"og:image:height\" content=\"600\" \/>\n\t<meta property=\"og:image:type\" content=\"image\/png\" \/>\n<meta name=\"author\" content=\"admin\" \/>\n<meta name=\"twitter:card\" content=\"summary_large_image\" \/>\n<meta name=\"twitter:label1\" content=\"Written by\" \/>\n\t<meta name=\"twitter:data1\" content=\"admin\" \/>\n\t<meta name=\"twitter:label2\" content=\"Estimated reading time\" \/>\n\t<meta name=\"twitter:data2\" content=\"1 minute\" \/>\n<script type=\"application\/ld+json\" class=\"yoast-schema-graph\">{\"@context\":\"https:\/\/schema.org\",\"@graph\":[{\"@type\":\"Article\",\"@id\":\"https:\/\/primer-impacto.com\/perspectivas-del-retail-2023\/#article\",\"isPartOf\":{\"@id\":\"https:\/\/primer-impacto.com\/perspectivas-del-retail-2023\/\"},\"author\":{\"name\":\"admin\",\"@id\":\"https:\/\/primer-impacto.com\/#\/schema\/person\/a5fde16f13962a866147b25c0e3f6629\"},\"headline\":\"Perspectivas del Retail 2023\",\"datePublished\":\"2023-01-10T16:10:16+00:00\",\"dateModified\":\"2023-05-10T09:12:01+00:00\",\"mainEntityOfPage\":{\"@id\":\"https:\/\/primer-impacto.com\/perspectivas-del-retail-2023\/\"},\"wordCount\":80,\"publisher\":{\"@id\":\"https:\/\/primer-impacto.com\/#organization\"},\"image\":{\"@id\":\"https:\/\/primer-impacto.com\/perspectivas-del-retail-2023\/#primaryimage\"},\"thumbnailUrl\":\"https:\/\/primer-impacto.com\/wp-content\/uploads\/2022\/07\/Portadas-2-36.png\",\"keywords\":[\"Infograf\u00eda\",\"retail\"],\"articleSection\":[\"Novedades\"],\"inLanguage\":\"en-GB\"},{\"@type\":\"WebPage\",\"@id\":\"https:\/\/primer-impacto.com\/perspectivas-del-retail-2023\/\",\"url\":\"https:\/\/primer-impacto.com\/perspectivas-del-retail-2023\/\",\"name\":\"Perspectivas del Retail 2023 - Primer impacto\",\"isPartOf\":{\"@id\":\"https:\/\/primer-impacto.com\/#website\"},\"primaryImageOfPage\":{\"@id\":\"https:\/\/primer-impacto.com\/perspectivas-del-retail-2023\/#primaryimage\"},\"image\":{\"@id\":\"https:\/\/primer-impacto.com\/perspectivas-del-retail-2023\/#primaryimage\"},\"thumbnailUrl\":\"https:\/\/primer-impacto.com\/wp-content\/uploads\/2022\/07\/Portadas-2-36.png\",\"datePublished\":\"2023-01-10T16:10:16+00:00\",\"dateModified\":\"2023-05-10T09:12:01+00:00\",\"description\":\"Las tendencias y perspectivas en retail han cambiado para este 2023. Descubre todas estas tendencias en esta infograf\u00eda\",\"breadcrumb\":{\"@id\":\"https:\/\/primer-impacto.com\/perspectivas-del-retail-2023\/#breadcrumb\"},\"inLanguage\":\"en-GB\",\"potentialAction\":[{\"@type\":\"ReadAction\",\"target\":[\"https:\/\/primer-impacto.com\/perspectivas-del-retail-2023\/\"]}]},{\"@type\":\"ImageObject\",\"inLanguage\":\"en-GB\",\"@id\":\"https:\/\/primer-impacto.com\/perspectivas-del-retail-2023\/#primaryimage\",\"url\":\"https:\/\/primer-impacto.com\/wp-content\/uploads\/2022\/07\/Portadas-2-36.png\",\"contentUrl\":\"https:\/\/primer-impacto.com\/wp-content\/uploads\/2022\/07\/Portadas-2-36.png\",\"width\":800,\"height\":600,\"caption\":\"tienda f\u00edsica\"},{\"@type\":\"BreadcrumbList\",\"@id\":\"https:\/\/primer-impacto.com\/perspectivas-del-retail-2023\/#breadcrumb\",\"itemListElement\":[{\"@type\":\"ListItem\",\"position\":1,\"name\":\"Portada\",\"item\":\"https:\/\/primer-impacto.com\/\"},{\"@type\":\"ListItem\",\"position\":2,\"name\":\"Perspectivas del Retail 2023\"}]},{\"@type\":\"WebSite\",\"@id\":\"https:\/\/primer-impacto.com\/#website\",\"url\":\"https:\/\/primer-impacto.com\/\",\"name\":\"Primer impacto\",\"description\":\"Especialistas en servicios en el Punto de Venta\",\"publisher\":{\"@id\":\"https:\/\/primer-impacto.com\/#organization\"},\"potentialAction\":[{\"@type\":\"SearchAction\",\"target\":{\"@type\":\"EntryPoint\",\"urlTemplate\":\"https:\/\/primer-impacto.com\/?s={search_term_string}\"},\"query-input\":\"required name=search_term_string\"}],\"inLanguage\":\"en-GB\"},{\"@type\":\"Organization\",\"@id\":\"https:\/\/primer-impacto.com\/#organization\",\"name\":\"Primer Impacto\",\"url\":\"https:\/\/primer-impacto.com\/\",\"logo\":{\"@type\":\"ImageObject\",\"inLanguage\":\"en-GB\",\"@id\":\"https:\/\/primer-impacto.com\/#\/schema\/logo\/image\/\",\"url\":\"https:\/\/primer-impacto.com\/wp-content\/uploads\/2022\/07\/logo_pi.png\",\"contentUrl\":\"https:\/\/primer-impacto.com\/wp-content\/uploads\/2022\/07\/logo_pi.png\",\"width\":377,\"height\":377,\"caption\":\"Primer Impacto\"},\"image\":{\"@id\":\"https:\/\/primer-impacto.com\/#\/schema\/logo\/image\/\"}},{\"@type\":\"Person\",\"@id\":\"https:\/\/primer-impacto.com\/#\/schema\/person\/a5fde16f13962a866147b25c0e3f6629\",\"name\":\"admin\",\"image\":{\"@type\":\"ImageObject\",\"inLanguage\":\"en-GB\",\"@id\":\"https:\/\/primer-impacto.com\/#\/schema\/person\/image\/\",\"url\":\"https:\/\/secure.gravatar.com\/avatar\/9d4580a48cd1910cc51e0dfd3fd063c0caadea953e64fb47c872043d240ffeab?s=96&d=mm&r=g\",\"contentUrl\":\"https:\/\/secure.gravatar.com\/avatar\/9d4580a48cd1910cc51e0dfd3fd063c0caadea953e64fb47c872043d240ffeab?s=96&d=mm&r=g\",\"caption\":\"admin\"},\"sameAs\":[\"https:\/\/primer-impacto.com\"]}]}<\/script>\n<!-- \/ Yoast SEO plugin. -->","yoast_head_json":{"title":"Perspectivas del Retail 2023 - Primer impacto","description":"Las tendencias y perspectivas en retail han cambiado para este 2023. Descubre todas estas tendencias en esta infograf\u00eda","robots":{"index":"index","follow":"follow","max-snippet":"max-snippet:-1","max-image-preview":"max-image-preview:large","max-video-preview":"max-video-preview:-1"},"canonical":"https:\/\/primer-impacto.com\/en\/perspectivas-del-retail-2023\/","og_locale":"en_GB","og_type":"article","og_title":"Perspectivas del Retail 2023 - Primer impacto","og_description":"Las tendencias y perspectivas en retail han cambiado para este 2023. Descubre todas estas tendencias en esta infograf\u00eda","og_url":"https:\/\/primer-impacto.com\/en\/perspectivas-del-retail-2023\/","og_site_name":"Primer impacto","article_published_time":"2023-01-10T16:10:16+00:00","article_modified_time":"2023-05-10T09:12:01+00:00","og_image":[{"width":800,"height":600,"url":"https:\/\/primer-impacto.com\/wp-content\/uploads\/2022\/07\/Portadas-2-36.png","type":"image\/png"}],"author":"admin","twitter_card":"summary_large_image","twitter_misc":{"Written by":"admin","Estimated reading time":"1 minute"},"schema":{"@context":"https:\/\/schema.org","@graph":[{"@type":"Article","@id":"https:\/\/primer-impacto.com\/perspectivas-del-retail-2023\/#article","isPartOf":{"@id":"https:\/\/primer-impacto.com\/perspectivas-del-retail-2023\/"},"author":{"name":"admin","@id":"https:\/\/primer-impacto.com\/#\/schema\/person\/a5fde16f13962a866147b25c0e3f6629"},"headline":"Perspectivas del Retail 2023","datePublished":"2023-01-10T16:10:16+00:00","dateModified":"2023-05-10T09:12:01+00:00","mainEntityOfPage":{"@id":"https:\/\/primer-impacto.com\/perspectivas-del-retail-2023\/"},"wordCount":80,"publisher":{"@id":"https:\/\/primer-impacto.com\/#organization"},"image":{"@id":"https:\/\/primer-impacto.com\/perspectivas-del-retail-2023\/#primaryimage"},"thumbnailUrl":"https:\/\/primer-impacto.com\/wp-content\/uploads\/2022\/07\/Portadas-2-36.png","keywords":["Infograf\u00eda","retail"],"articleSection":["Novedades"],"inLanguage":"en-GB"},{"@type":"WebPage","@id":"https:\/\/primer-impacto.com\/perspectivas-del-retail-2023\/","url":"https:\/\/primer-impacto.com\/perspectivas-del-retail-2023\/","name":"Perspectivas del Retail 2023 - Primer impacto","isPartOf":{"@id":"https:\/\/primer-impacto.com\/#website"},"primaryImageOfPage":{"@id":"https:\/\/primer-impacto.com\/perspectivas-del-retail-2023\/#primaryimage"},"image":{"@id":"https:\/\/primer-impacto.com\/perspectivas-del-retail-2023\/#primaryimage"},"thumbnailUrl":"https:\/\/primer-impacto.com\/wp-content\/uploads\/2022\/07\/Portadas-2-36.png","datePublished":"2023-01-10T16:10:16+00:00","dateModified":"2023-05-10T09:12:01+00:00","description":"Las tendencias y perspectivas en retail han cambiado para este 2023. Descubre todas estas tendencias en esta infograf\u00eda","breadcrumb":{"@id":"https:\/\/primer-impacto.com\/perspectivas-del-retail-2023\/#breadcrumb"},"inLanguage":"en-GB","potentialAction":[{"@type":"ReadAction","target":["https:\/\/primer-impacto.com\/perspectivas-del-retail-2023\/"]}]},{"@type":"ImageObject","inLanguage":"en-GB","@id":"https:\/\/primer-impacto.com\/perspectivas-del-retail-2023\/#primaryimage","url":"https:\/\/primer-impacto.com\/wp-content\/uploads\/2022\/07\/Portadas-2-36.png","contentUrl":"https:\/\/primer-impacto.com\/wp-content\/uploads\/2022\/07\/Portadas-2-36.png","width":800,"height":600,"caption":"tienda f\u00edsica"},{"@type":"BreadcrumbList","@id":"https:\/\/primer-impacto.com\/perspectivas-del-retail-2023\/#breadcrumb","itemListElement":[{"@type":"ListItem","position":1,"name":"Portada","item":"https:\/\/primer-impacto.com\/"},{"@type":"ListItem","position":2,"name":"Perspectivas del Retail 2023"}]},{"@type":"WebSite","@id":"https:\/\/primer-impacto.com\/#website","url":"https:\/\/primer-impacto.com\/","name":"Primer impacto","description":"Especialistas en servicios en el Punto de Venta","publisher":{"@id":"https:\/\/primer-impacto.com\/#organization"},"potentialAction":[{"@type":"SearchAction","target":{"@type":"EntryPoint","urlTemplate":"https:\/\/primer-impacto.com\/?s={search_term_string}"},"query-input":"required name=search_term_string"}],"inLanguage":"en-GB"},{"@type":"Organization","@id":"https:\/\/primer-impacto.com\/#organization","name":"Primer Impacto","url":"https:\/\/primer-impacto.com\/","logo":{"@type":"ImageObject","inLanguage":"en-GB","@id":"https:\/\/primer-impacto.com\/#\/schema\/logo\/image\/","url":"https:\/\/primer-impacto.com\/wp-content\/uploads\/2022\/07\/logo_pi.png","contentUrl":"https:\/\/primer-impacto.com\/wp-content\/uploads\/2022\/07\/logo_pi.png","width":377,"height":377,"caption":"Primer Impacto"},"image":{"@id":"https:\/\/primer-impacto.com\/#\/schema\/logo\/image\/"}},{"@type":"Person","@id":"https:\/\/primer-impacto.com\/#\/schema\/person\/a5fde16f13962a866147b25c0e3f6629","name":"admin","image":{"@type":"ImageObject","inLanguage":"en-GB","@id":"https:\/\/primer-impacto.com\/#\/schema\/person\/image\/","url":"https:\/\/secure.gravatar.com\/avatar\/9d4580a48cd1910cc51e0dfd3fd063c0caadea953e64fb47c872043d240ffeab?s=96&d=mm&r=g","contentUrl":"https:\/\/secure.gravatar.com\/avatar\/9d4580a48cd1910cc51e0dfd3fd063c0caadea953e64fb47c872043d240ffeab?s=96&d=mm&r=g","caption":"admin"},"sameAs":["https:\/\/primer-impacto.com"]}]}},"_links":{"self":[{"href":"https:\/\/primer-impacto.com\/en\/wp-json\/wp\/v2\/posts\/5476","targetHints":{"allow":["GET"]}}],"collection":[{"href":"https:\/\/primer-impacto.com\/en\/wp-json\/wp\/v2\/posts"}],"about":[{"href":"https:\/\/primer-impacto.com\/en\/wp-json\/wp\/v2\/types\/post"}],"author":[{"embeddable":true,"href":"https:\/\/primer-impacto.com\/en\/wp-json\/wp\/v2\/users\/1"}],"replies":[{"embeddable":true,"href":"https:\/\/primer-impacto.com\/en\/wp-json\/wp\/v2\/comments?post=5476"}],"version-history":[{"count":4,"href":"https:\/\/primer-impacto.com\/en\/wp-json\/wp\/v2\/posts\/5476\/revisions"}],"predecessor-version":[{"id":6033,"href":"https:\/\/primer-impacto.com\/en\/wp-json\/wp\/v2\/posts\/5476\/revisions\/6033"}],"wp:featuredmedia":[{"embeddable":true,"href":"https:\/\/primer-impacto.com\/en\/wp-json\/wp\/v2\/media\/4161"}],"wp:attachment":[{"href":"https:\/\/primer-impacto.com\/en\/wp-json\/wp\/v2\/media?parent=5476"}],"wp:term":[{"taxonomy":"category","embeddable":true,"href":"https:\/\/primer-impacto.com\/en\/wp-json\/wp\/v2\/categories?post=5476"},{"taxonomy":"post_tag","embeddable":true,"href":"https:\/\/primer-impacto.com\/en\/wp-json\/wp\/v2\/tags?post=5476"}],"curies":[{"name":"wp","href":"https:\/\/api.w.org\/{rel}","templated":true}]}}