{"id":3566,"date":"2022-07-17T01:44:14","date_gmt":"2022-07-17T01:44:14","guid":{"rendered":"https:\/\/primer-impacto.com\/?p=3566"},"modified":"2024-06-04T13:14:16","modified_gmt":"2024-06-04T13:14:16","slug":"radiografia-de-la-compra","status":"publish","type":"post","link":"https:\/\/primer-impacto.com\/en\/radiografia-de-la-compra\/","title":{"rendered":"Radiograf\u00eda de la compra"},"content":{"rendered":"<p>En los \u00faltimos a\u00f1os, las preferencias de los consumidores han evolucionado y, cada vez m\u00e1s, se decantan por el consumo de nuevos productos. En este escenario, el 53% de los espa\u00f1oles afirman haber incluido alg\u00fan producto nuevo en su \u00faltima compra, frente al 39% registrado en 2016.<\/p>\n\n\n\n<p><br>? Seg\u00fan el informe \u201cLa innovaci\u00f3n en la cesta de la compra\u201d realizado por Aecoc Shopperview, los consumidores reclaman innovaciones especialmente en las categor\u00edas de no alimentaci\u00f3n.<br>En esta infograf\u00eda te mostramos algunos detalles. ?<br>\u00a1Vende m\u00e1s y mejor en el PDV!<\/p>\n\n\n\n<figure class=\"wp-block-image size-full\"><img fetchpriority=\"high\" decoding=\"async\" width=\"554\" height=\"707\" src=\"https:\/\/primer-impacto.com\/wp-content\/uploads\/2022\/07\/Infografia-PI-9.png\" alt=\"\" class=\"wp-image-3557\" srcset=\"https:\/\/primer-impacto.com\/wp-content\/uploads\/2022\/07\/Infografia-PI-9.png 554w, https:\/\/primer-impacto.com\/wp-content\/uploads\/2022\/07\/Infografia-PI-9-235x300.png 235w\" sizes=\"(max-width: 554px) 100vw, 554px\" \/><\/figure>\n\n\n\n<h4 class=\"wp-block-heading\">#pi #primerimpacto #pdv<\/h4>","protected":false},"excerpt":{"rendered":"<p>En los \u00faltimos a\u00f1os, las preferencias de los consumidores han evolucionado y, cada vez m\u00e1s, se decantan por el consumo de nuevos productos. En este escenario, el 53% de los espa\u00f1oles afirman haber incluido alg\u00fan producto nuevo en su \u00faltima compra, frente al 39% registrado en 2016. ? Seg\u00fan el informe \u201cLa innovaci\u00f3n en la [&hellip;]<\/p>","protected":false},"author":2,"featured_media":4152,"comment_status":"closed","ping_status":"open","sticky":false,"template":"","format":"standard","meta":{"inline_featured_image":false,"footnotes":""},"categories":[258,260],"tags":[255],"class_list":["post-3566","post","type-post","status-publish","format-standard","has-post-thumbnail","hentry","category-gestion-de-pdv","category-redes-comerciales","tag-infografia"],"yoast_head":"<!-- This site is optimized with the Yoast SEO plugin v22.9 - https:\/\/yoast.com\/wordpress\/plugins\/seo\/ -->\n<title>Radiograf\u00eda de la compra - Primer impacto<\/title>\n<meta name=\"description\" content=\"\u00a1Descubre c\u00f3mo satisfacer las nuevas demandas del consumidor espa\u00f1ol! Datos clave de innovaci\u00f3n en compras\" \/>\n<meta name=\"robots\" content=\"index, follow, max-snippet:-1, max-image-preview:large, max-video-preview:-1\" \/>\n<link rel=\"canonical\" href=\"https:\/\/primer-impacto.com\/en\/radiografia-de-la-compra\/\" \/>\n<meta property=\"og:locale\" content=\"en_GB\" \/>\n<meta property=\"og:type\" content=\"article\" \/>\n<meta property=\"og:title\" content=\"Radiograf\u00eda de la compra - Primer impacto\" \/>\n<meta property=\"og:description\" content=\"\u00a1Descubre c\u00f3mo satisfacer las nuevas demandas del consumidor espa\u00f1ol! Datos clave de innovaci\u00f3n en compras\" \/>\n<meta property=\"og:url\" content=\"https:\/\/primer-impacto.com\/en\/radiografia-de-la-compra\/\" \/>\n<meta property=\"og:site_name\" content=\"Primer impacto\" \/>\n<meta property=\"article:published_time\" content=\"2022-07-17T01:44:14+00:00\" \/>\n<meta property=\"article:modified_time\" content=\"2024-06-04T13:14:16+00:00\" \/>\n<meta property=\"og:image\" content=\"https:\/\/primer-impacto.com\/wp-content\/uploads\/2022\/07\/Portadas-2-42.png\" \/>\n\t<meta property=\"og:image:width\" content=\"800\" \/>\n\t<meta property=\"og:image:height\" content=\"600\" \/>\n\t<meta property=\"og:image:type\" content=\"image\/png\" \/>\n<meta name=\"author\" content=\"pmuro\" \/>\n<meta name=\"twitter:card\" content=\"summary_large_image\" \/>\n<meta name=\"twitter:label1\" content=\"Written by\" \/>\n\t<meta name=\"twitter:data1\" content=\"pmuro\" \/>\n\t<meta name=\"twitter:label2\" content=\"Estimated reading time\" \/>\n\t<meta name=\"twitter:data2\" content=\"1 minute\" \/>\n<script type=\"application\/ld+json\" class=\"yoast-schema-graph\">{\"@context\":\"https:\/\/schema.org\",\"@graph\":[{\"@type\":\"Article\",\"@id\":\"https:\/\/primer-impacto.com\/radiografia-de-la-compra\/#article\",\"isPartOf\":{\"@id\":\"https:\/\/primer-impacto.com\/radiografia-de-la-compra\/\"},\"author\":{\"name\":\"pmuro\",\"@id\":\"https:\/\/primer-impacto.com\/#\/schema\/person\/852b6479b0f9c213af66f74267019d5f\"},\"headline\":\"Radiograf\u00eda de la compra\",\"datePublished\":\"2022-07-17T01:44:14+00:00\",\"dateModified\":\"2024-06-04T13:14:16+00:00\",\"mainEntityOfPage\":{\"@id\":\"https:\/\/primer-impacto.com\/radiografia-de-la-compra\/\"},\"wordCount\":102,\"publisher\":{\"@id\":\"https:\/\/primer-impacto.com\/#organization\"},\"image\":{\"@id\":\"https:\/\/primer-impacto.com\/radiografia-de-la-compra\/#primaryimage\"},\"thumbnailUrl\":\"https:\/\/primer-impacto.com\/wp-content\/uploads\/2022\/07\/Portadas-2-42.png\",\"keywords\":[\"Infograf\u00eda\"],\"articleSection\":[\"Gesti\u00f3n del PDV\",\"Redes Comerciales\"],\"inLanguage\":\"en-GB\"},{\"@type\":\"WebPage\",\"@id\":\"https:\/\/primer-impacto.com\/radiografia-de-la-compra\/\",\"url\":\"https:\/\/primer-impacto.com\/radiografia-de-la-compra\/\",\"name\":\"Radiograf\u00eda de la compra - Primer impacto\",\"isPartOf\":{\"@id\":\"https:\/\/primer-impacto.com\/#website\"},\"primaryImageOfPage\":{\"@id\":\"https:\/\/primer-impacto.com\/radiografia-de-la-compra\/#primaryimage\"},\"image\":{\"@id\":\"https:\/\/primer-impacto.com\/radiografia-de-la-compra\/#primaryimage\"},\"thumbnailUrl\":\"https:\/\/primer-impacto.com\/wp-content\/uploads\/2022\/07\/Portadas-2-42.png\",\"datePublished\":\"2022-07-17T01:44:14+00:00\",\"dateModified\":\"2024-06-04T13:14:16+00:00\",\"description\":\"\u00a1Descubre c\u00f3mo satisfacer las nuevas demandas del consumidor espa\u00f1ol! Datos clave de innovaci\u00f3n en compras\",\"breadcrumb\":{\"@id\":\"https:\/\/primer-impacto.com\/radiografia-de-la-compra\/#breadcrumb\"},\"inLanguage\":\"en-GB\",\"potentialAction\":[{\"@type\":\"ReadAction\",\"target\":[\"https:\/\/primer-impacto.com\/radiografia-de-la-compra\/\"]}]},{\"@type\":\"ImageObject\",\"inLanguage\":\"en-GB\",\"@id\":\"https:\/\/primer-impacto.com\/radiografia-de-la-compra\/#primaryimage\",\"url\":\"https:\/\/primer-impacto.com\/wp-content\/uploads\/2022\/07\/Portadas-2-42.png\",\"contentUrl\":\"https:\/\/primer-impacto.com\/wp-content\/uploads\/2022\/07\/Portadas-2-42.png\",\"width\":800,\"height\":600},{\"@type\":\"BreadcrumbList\",\"@id\":\"https:\/\/primer-impacto.com\/radiografia-de-la-compra\/#breadcrumb\",\"itemListElement\":[{\"@type\":\"ListItem\",\"position\":1,\"name\":\"Portada\",\"item\":\"https:\/\/primer-impacto.com\/\"},{\"@type\":\"ListItem\",\"position\":2,\"name\":\"Radiograf\u00eda de la compra\"}]},{\"@type\":\"WebSite\",\"@id\":\"https:\/\/primer-impacto.com\/#website\",\"url\":\"https:\/\/primer-impacto.com\/\",\"name\":\"Primer impacto\",\"description\":\"Especialistas en servicios en el Punto de Venta\",\"publisher\":{\"@id\":\"https:\/\/primer-impacto.com\/#organization\"},\"potentialAction\":[{\"@type\":\"SearchAction\",\"target\":{\"@type\":\"EntryPoint\",\"urlTemplate\":\"https:\/\/primer-impacto.com\/?s={search_term_string}\"},\"query-input\":\"required name=search_term_string\"}],\"inLanguage\":\"en-GB\"},{\"@type\":\"Organization\",\"@id\":\"https:\/\/primer-impacto.com\/#organization\",\"name\":\"Primer Impacto\",\"url\":\"https:\/\/primer-impacto.com\/\",\"logo\":{\"@type\":\"ImageObject\",\"inLanguage\":\"en-GB\",\"@id\":\"https:\/\/primer-impacto.com\/#\/schema\/logo\/image\/\",\"url\":\"https:\/\/primer-impacto.com\/wp-content\/uploads\/2022\/07\/logo_pi.png\",\"contentUrl\":\"https:\/\/primer-impacto.com\/wp-content\/uploads\/2022\/07\/logo_pi.png\",\"width\":377,\"height\":377,\"caption\":\"Primer Impacto\"},\"image\":{\"@id\":\"https:\/\/primer-impacto.com\/#\/schema\/logo\/image\/\"}},{\"@type\":\"Person\",\"@id\":\"https:\/\/primer-impacto.com\/#\/schema\/person\/852b6479b0f9c213af66f74267019d5f\",\"name\":\"pmuro\",\"image\":{\"@type\":\"ImageObject\",\"inLanguage\":\"en-GB\",\"@id\":\"https:\/\/primer-impacto.com\/#\/schema\/person\/image\/\",\"url\":\"https:\/\/secure.gravatar.com\/avatar\/bc82fe487f734aa3e8deb2885456d1c8e108cff0d3d3f9310ca738cfad191490?s=96&d=mm&r=g\",\"contentUrl\":\"https:\/\/secure.gravatar.com\/avatar\/bc82fe487f734aa3e8deb2885456d1c8e108cff0d3d3f9310ca738cfad191490?s=96&d=mm&r=g\",\"caption\":\"pmuro\"}}]}<\/script>\n<!-- \/ Yoast SEO plugin. -->","yoast_head_json":{"title":"Radiograf\u00eda de la compra - Primer impacto","description":"\u00a1Descubre c\u00f3mo satisfacer las nuevas demandas del consumidor espa\u00f1ol! Datos clave de innovaci\u00f3n en compras","robots":{"index":"index","follow":"follow","max-snippet":"max-snippet:-1","max-image-preview":"max-image-preview:large","max-video-preview":"max-video-preview:-1"},"canonical":"https:\/\/primer-impacto.com\/en\/radiografia-de-la-compra\/","og_locale":"en_GB","og_type":"article","og_title":"Radiograf\u00eda de la compra - Primer impacto","og_description":"\u00a1Descubre c\u00f3mo satisfacer las nuevas demandas del consumidor espa\u00f1ol! Datos clave de innovaci\u00f3n en compras","og_url":"https:\/\/primer-impacto.com\/en\/radiografia-de-la-compra\/","og_site_name":"Primer impacto","article_published_time":"2022-07-17T01:44:14+00:00","article_modified_time":"2024-06-04T13:14:16+00:00","og_image":[{"width":800,"height":600,"url":"https:\/\/primer-impacto.com\/wp-content\/uploads\/2022\/07\/Portadas-2-42.png","type":"image\/png"}],"author":"pmuro","twitter_card":"summary_large_image","twitter_misc":{"Written by":"pmuro","Estimated reading time":"1 minute"},"schema":{"@context":"https:\/\/schema.org","@graph":[{"@type":"Article","@id":"https:\/\/primer-impacto.com\/radiografia-de-la-compra\/#article","isPartOf":{"@id":"https:\/\/primer-impacto.com\/radiografia-de-la-compra\/"},"author":{"name":"pmuro","@id":"https:\/\/primer-impacto.com\/#\/schema\/person\/852b6479b0f9c213af66f74267019d5f"},"headline":"Radiograf\u00eda de la compra","datePublished":"2022-07-17T01:44:14+00:00","dateModified":"2024-06-04T13:14:16+00:00","mainEntityOfPage":{"@id":"https:\/\/primer-impacto.com\/radiografia-de-la-compra\/"},"wordCount":102,"publisher":{"@id":"https:\/\/primer-impacto.com\/#organization"},"image":{"@id":"https:\/\/primer-impacto.com\/radiografia-de-la-compra\/#primaryimage"},"thumbnailUrl":"https:\/\/primer-impacto.com\/wp-content\/uploads\/2022\/07\/Portadas-2-42.png","keywords":["Infograf\u00eda"],"articleSection":["Gesti\u00f3n del PDV","Redes Comerciales"],"inLanguage":"en-GB"},{"@type":"WebPage","@id":"https:\/\/primer-impacto.com\/radiografia-de-la-compra\/","url":"https:\/\/primer-impacto.com\/radiografia-de-la-compra\/","name":"Radiograf\u00eda de la compra - Primer impacto","isPartOf":{"@id":"https:\/\/primer-impacto.com\/#website"},"primaryImageOfPage":{"@id":"https:\/\/primer-impacto.com\/radiografia-de-la-compra\/#primaryimage"},"image":{"@id":"https:\/\/primer-impacto.com\/radiografia-de-la-compra\/#primaryimage"},"thumbnailUrl":"https:\/\/primer-impacto.com\/wp-content\/uploads\/2022\/07\/Portadas-2-42.png","datePublished":"2022-07-17T01:44:14+00:00","dateModified":"2024-06-04T13:14:16+00:00","description":"\u00a1Descubre c\u00f3mo satisfacer las nuevas demandas del consumidor espa\u00f1ol! Datos clave de innovaci\u00f3n en compras","breadcrumb":{"@id":"https:\/\/primer-impacto.com\/radiografia-de-la-compra\/#breadcrumb"},"inLanguage":"en-GB","potentialAction":[{"@type":"ReadAction","target":["https:\/\/primer-impacto.com\/radiografia-de-la-compra\/"]}]},{"@type":"ImageObject","inLanguage":"en-GB","@id":"https:\/\/primer-impacto.com\/radiografia-de-la-compra\/#primaryimage","url":"https:\/\/primer-impacto.com\/wp-content\/uploads\/2022\/07\/Portadas-2-42.png","contentUrl":"https:\/\/primer-impacto.com\/wp-content\/uploads\/2022\/07\/Portadas-2-42.png","width":800,"height":600},{"@type":"BreadcrumbList","@id":"https:\/\/primer-impacto.com\/radiografia-de-la-compra\/#breadcrumb","itemListElement":[{"@type":"ListItem","position":1,"name":"Portada","item":"https:\/\/primer-impacto.com\/"},{"@type":"ListItem","position":2,"name":"Radiograf\u00eda de la compra"}]},{"@type":"WebSite","@id":"https:\/\/primer-impacto.com\/#website","url":"https:\/\/primer-impacto.com\/","name":"Primer impacto","description":"Especialistas en servicios en el Punto de Venta","publisher":{"@id":"https:\/\/primer-impacto.com\/#organization"},"potentialAction":[{"@type":"SearchAction","target":{"@type":"EntryPoint","urlTemplate":"https:\/\/primer-impacto.com\/?s={search_term_string}"},"query-input":"required name=search_term_string"}],"inLanguage":"en-GB"},{"@type":"Organization","@id":"https:\/\/primer-impacto.com\/#organization","name":"Primer Impacto","url":"https:\/\/primer-impacto.com\/","logo":{"@type":"ImageObject","inLanguage":"en-GB","@id":"https:\/\/primer-impacto.com\/#\/schema\/logo\/image\/","url":"https:\/\/primer-impacto.com\/wp-content\/uploads\/2022\/07\/logo_pi.png","contentUrl":"https:\/\/primer-impacto.com\/wp-content\/uploads\/2022\/07\/logo_pi.png","width":377,"height":377,"caption":"Primer Impacto"},"image":{"@id":"https:\/\/primer-impacto.com\/#\/schema\/logo\/image\/"}},{"@type":"Person","@id":"https:\/\/primer-impacto.com\/#\/schema\/person\/852b6479b0f9c213af66f74267019d5f","name":"pmuro","image":{"@type":"ImageObject","inLanguage":"en-GB","@id":"https:\/\/primer-impacto.com\/#\/schema\/person\/image\/","url":"https:\/\/secure.gravatar.com\/avatar\/bc82fe487f734aa3e8deb2885456d1c8e108cff0d3d3f9310ca738cfad191490?s=96&d=mm&r=g","contentUrl":"https:\/\/secure.gravatar.com\/avatar\/bc82fe487f734aa3e8deb2885456d1c8e108cff0d3d3f9310ca738cfad191490?s=96&d=mm&r=g","caption":"pmuro"}}]}},"_links":{"self":[{"href":"https:\/\/primer-impacto.com\/en\/wp-json\/wp\/v2\/posts\/3566","targetHints":{"allow":["GET"]}}],"collection":[{"href":"https:\/\/primer-impacto.com\/en\/wp-json\/wp\/v2\/posts"}],"about":[{"href":"https:\/\/primer-impacto.com\/en\/wp-json\/wp\/v2\/types\/post"}],"author":[{"embeddable":true,"href":"https:\/\/primer-impacto.com\/en\/wp-json\/wp\/v2\/users\/2"}],"replies":[{"embeddable":true,"href":"https:\/\/primer-impacto.com\/en\/wp-json\/wp\/v2\/comments?post=3566"}],"version-history":[{"count":3,"href":"https:\/\/primer-impacto.com\/en\/wp-json\/wp\/v2\/posts\/3566\/revisions"}],"predecessor-version":[{"id":5624,"href":"https:\/\/primer-impacto.com\/en\/wp-json\/wp\/v2\/posts\/3566\/revisions\/5624"}],"wp:featuredmedia":[{"embeddable":true,"href":"https:\/\/primer-impacto.com\/en\/wp-json\/wp\/v2\/media\/4152"}],"wp:attachment":[{"href":"https:\/\/primer-impacto.com\/en\/wp-json\/wp\/v2\/media?parent=3566"}],"wp:term":[{"taxonomy":"category","embeddable":true,"href":"https:\/\/primer-impacto.com\/en\/wp-json\/wp\/v2\/categories?post=3566"},{"taxonomy":"post_tag","embeddable":true,"href":"https:\/\/primer-impacto.com\/en\/wp-json\/wp\/v2\/tags?post=3566"}],"curies":[{"name":"wp","href":"https:\/\/api.w.org\/{rel}","templated":true}]}}