{"id":3251,"date":"2021-11-03T11:43:11","date_gmt":"2021-11-03T10:43:11","guid":{"rendered":"https:\/\/primer-impacto.com\/?p=2180"},"modified":"2024-02-27T19:24:25","modified_gmt":"2024-02-27T19:24:25","slug":"bienvenida-gemma-vidal-nueva-directora-de-talento-en-primer-impacto","status":"publish","type":"post","link":"https:\/\/primer-impacto.com\/en\/bienvenida-gemma-vidal-nueva-directora-de-talento-en-primer-impacto\/","title":{"rendered":"\u00a1Bienvenida Gemma Vidal! Nueva Directora de Talento en Primer Impacto"},"content":{"rendered":"<p><span style=\"font-weight: 400;\">En PI estamos muy contentos de presentar a nuestra nueva Directora de Talento: Gemma Vidal, quien con m\u00e1s de 20 a\u00f1os<\/span><span style=\"font-weight: 400;\"> de experiencia en RRHH de diferentes sectores est\u00e1 alineada\u00a0 con nuestros valores y filosof\u00eda al creer que sin las personas y su esencia ninguna empresa es nada. Vamos a dejar que sea ella misma quien se presente un poco m\u00e1s con sus respuestas a estas 3 preguntas:\u00a0<\/span><\/p>\n<p><img fetchpriority=\"high\" decoding=\"async\" class=\"wp-image-2181  aligncenter\" src=\"https:\/\/primer-impacto.com\/wp-content\/uploads\/2021\/11\/Gemma-Vidal-290x300.jpg\" alt=\"\" width=\"445\" height=\"460\" \/><\/p>\n<p>\u25b6\ufe0f\u00a0<b>\u00bfQu\u00e9 te motiv\u00f3 a formar parte del equipo de PI?<\/b><\/p>\n<p><span style=\"font-weight: 400;\">Es un gran reto para m\u00ed, que siempre me puse como objetivo profesional lograr el crecimiento de las personas, incorporarme en una compa\u00f1\u00eda en la que su prop\u00f3sito es \u201cDesarrollar a las personas para hacer crecer el mundo\u201d. Esta declaraci\u00f3n de intenciones es un desaf\u00edo constante para el rol de direcci\u00f3n de talento; y que sea la base del modelo de esta organizaci\u00f3n fue un est\u00edmulo para formar parte de un proyecto que tiene una visi\u00f3n mucho m\u00e1s all\u00e1 de los resultados de la propia empresa, pensando en los equipos y su bienestar; pensando en su aportaci\u00f3n al mundo.<\/span><\/p>\n<p><span style=\"font-weight: 400;\">As\u00ed que, en cuanto conoc\u00ed los valores y prop\u00f3sito de PI, y confirm\u00e9 que era una realidad, se convirti\u00f3 en un objetivo personal poder participar y aportar mi granito de arena en este gran proyecto con el que comparto visi\u00f3n y fines.<\/span><\/p>\n<p>\u25b6\ufe0f\u00a0<b>\u00bfQu\u00e9 esperas aportar a PI como Directora de Talento?<\/b><\/p>\n<p><span style=\"font-weight: 400;\">Espero dar continuidad y establecer nuevas pol\u00edticas estrat\u00e9gicas que aseguren el cumplimiento del prop\u00f3sito desde el primer d\u00eda de la incorporaci\u00f3n de una persona a PI, para que el proceso sea una etapa inolvidable en la vida laboral de cualquier persona y que consiga alcanzar los objetivos de la compa\u00f1\u00eda a la vez que consigue los suyos propios; as\u00ed como conseguir relaciones de calidad, que nos permitan mejorar como profesionales y como personas, asentando las bases para un crecimiento sostenible y seguro sin perder el know how y la esencia de PI.<\/span><\/p>\n<p>\u25b6\ufe0f\u00a0<b>\u00bfC\u00f3mo ves a PI en 3 a\u00f1os y c\u00f3mo te visualizas t\u00fa all\u00ed?<\/b><\/p>\n<p><span style=\"font-weight: 400;\">PI es una empresa s\u00f3lida con un alto grado de expertise y compromiso, es un referente en su sector, con lo que el crecimiento es inminente, nacional e internacionalmente. Para ello habr\u00e1 una apuesta por el crecimiento interno de las personas, tanto personal como profesional, adquiriendo mayores responsabilidades y compromisos y nuevas acciones con impacto social que aseguren el cumplimiento de nuestro prop\u00f3sito. Mi rol ser\u00e1 asegurar la cultura y la metodolog\u00eda basada en la mejora continua, facilitando oportunidades desde la atracci\u00f3n de nuevo talento, a la consolidaci\u00f3n de carreras internas y apoyo a nuevos estilos de liderazgo desde la gesti\u00f3n del cambio, el trabajo en entornos tecnol\u00f3gicos y de colaboraci\u00f3n, la pasi\u00f3n, la generosidad y la anticipaci\u00f3n.<\/span><\/p>","protected":false},"excerpt":{"rendered":"<p>En PI estamos muy contentos de presentar a nuestra nueva Directora de Talento: Gemma Vidal, quien con m\u00e1s de 20 a\u00f1os de experiencia en RRHH de diferentes sectores est\u00e1 alineada\u00a0 con nuestros valores y filosof\u00eda al creer que sin las personas y su esencia ninguna empresa es nada. Vamos a dejar que sea ella misma [&hellip;]<\/p>","protected":false},"author":1,"featured_media":3159,"comment_status":"closed","ping_status":"open","sticky":false,"template":"","format":"aside","meta":{"inline_featured_image":false,"footnotes":""},"categories":[1],"tags":[265],"class_list":["post-3251","post","type-post","status-publish","format-aside","has-post-thumbnail","hentry","category-uncategorized","tag-notas-de-blog","post_format-post-format-aside"],"yoast_head":"<!-- This site is optimized with the Yoast SEO plugin v22.9 - https:\/\/yoast.com\/wordpress\/plugins\/seo\/ -->\n<title>\u00a1Bienvenida Gemma Vidal a Primer Impacto! - Primer impacto<\/title>\n<meta name=\"description\" content=\"Conoce a Gemma Vidal, nuestra nueva Directora de Talento, con m\u00e1s de dos d\u00e9cadas de experiencia en recursos humanos en diversos sectores.\" \/>\n<meta name=\"robots\" content=\"index, follow, max-snippet:-1, max-image-preview:large, max-video-preview:-1\" \/>\n<link rel=\"canonical\" href=\"https:\/\/primer-impacto.com\/en\/bienvenida-gemma-vidal-nueva-directora-de-talento-en-primer-impacto\/\" \/>\n<meta property=\"og:locale\" content=\"en_GB\" \/>\n<meta property=\"og:type\" content=\"article\" \/>\n<meta property=\"og:title\" content=\"\u00a1Bienvenida Gemma Vidal a Primer Impacto! - Primer impacto\" \/>\n<meta property=\"og:description\" content=\"Conoce a Gemma Vidal, nuestra nueva Directora de Talento, con m\u00e1s de dos d\u00e9cadas de experiencia en recursos humanos en diversos sectores.\" \/>\n<meta property=\"og:url\" content=\"https:\/\/primer-impacto.com\/en\/bienvenida-gemma-vidal-nueva-directora-de-talento-en-primer-impacto\/\" \/>\n<meta property=\"og:site_name\" content=\"Primer impacto\" \/>\n<meta property=\"article:published_time\" content=\"2021-11-03T10:43:11+00:00\" \/>\n<meta property=\"article:modified_time\" content=\"2024-02-27T19:24:25+00:00\" \/>\n<meta property=\"og:image\" content=\"https:\/\/primer-impacto.com\/wp-content\/uploads\/2021\/11\/Gemma-Vidal-scaled.jpg\" \/>\n\t<meta property=\"og:image:width\" content=\"2473\" \/>\n\t<meta property=\"og:image:height\" content=\"2560\" \/>\n\t<meta property=\"og:image:type\" content=\"image\/jpeg\" \/>\n<meta name=\"author\" content=\"admin\" \/>\n<meta name=\"twitter:card\" content=\"summary_large_image\" \/>\n<meta name=\"twitter:label1\" content=\"Written by\" \/>\n\t<meta name=\"twitter:data1\" content=\"admin\" \/>\n\t<meta name=\"twitter:label2\" content=\"Estimated reading time\" \/>\n\t<meta name=\"twitter:data2\" content=\"2 minutes\" \/>\n<script type=\"application\/ld+json\" class=\"yoast-schema-graph\">{\"@context\":\"https:\/\/schema.org\",\"@graph\":[{\"@type\":\"Article\",\"@id\":\"https:\/\/primer-impacto.com\/bienvenida-gemma-vidal-nueva-directora-de-talento-en-primer-impacto\/#article\",\"isPartOf\":{\"@id\":\"https:\/\/primer-impacto.com\/bienvenida-gemma-vidal-nueva-directora-de-talento-en-primer-impacto\/\"},\"author\":{\"name\":\"admin\",\"@id\":\"https:\/\/primer-impacto.com\/#\/schema\/person\/a5fde16f13962a866147b25c0e3f6629\"},\"headline\":\"\u00a1Bienvenida Gemma Vidal! Nueva Directora de Talento en Primer Impacto\",\"datePublished\":\"2021-11-03T10:43:11+00:00\",\"dateModified\":\"2024-02-27T19:24:25+00:00\",\"mainEntityOfPage\":{\"@id\":\"https:\/\/primer-impacto.com\/bienvenida-gemma-vidal-nueva-directora-de-talento-en-primer-impacto\/\"},\"wordCount\":493,\"publisher\":{\"@id\":\"https:\/\/primer-impacto.com\/#organization\"},\"image\":{\"@id\":\"https:\/\/primer-impacto.com\/bienvenida-gemma-vidal-nueva-directora-de-talento-en-primer-impacto\/#primaryimage\"},\"thumbnailUrl\":\"https:\/\/primer-impacto.com\/wp-content\/uploads\/2021\/11\/Gemma-Vidal-scaled.jpg\",\"keywords\":[\"Notas de Blog\"],\"articleSection\":[\"Uncategorized\"],\"inLanguage\":\"en-GB\"},{\"@type\":\"WebPage\",\"@id\":\"https:\/\/primer-impacto.com\/bienvenida-gemma-vidal-nueva-directora-de-talento-en-primer-impacto\/\",\"url\":\"https:\/\/primer-impacto.com\/bienvenida-gemma-vidal-nueva-directora-de-talento-en-primer-impacto\/\",\"name\":\"\u00a1Bienvenida Gemma Vidal a Primer Impacto! - Primer impacto\",\"isPartOf\":{\"@id\":\"https:\/\/primer-impacto.com\/#website\"},\"primaryImageOfPage\":{\"@id\":\"https:\/\/primer-impacto.com\/bienvenida-gemma-vidal-nueva-directora-de-talento-en-primer-impacto\/#primaryimage\"},\"image\":{\"@id\":\"https:\/\/primer-impacto.com\/bienvenida-gemma-vidal-nueva-directora-de-talento-en-primer-impacto\/#primaryimage\"},\"thumbnailUrl\":\"https:\/\/primer-impacto.com\/wp-content\/uploads\/2021\/11\/Gemma-Vidal-scaled.jpg\",\"datePublished\":\"2021-11-03T10:43:11+00:00\",\"dateModified\":\"2024-02-27T19:24:25+00:00\",\"description\":\"Conoce a Gemma Vidal, nuestra nueva Directora de Talento, con m\u00e1s de dos d\u00e9cadas de experiencia en recursos humanos en diversos sectores.\",\"breadcrumb\":{\"@id\":\"https:\/\/primer-impacto.com\/bienvenida-gemma-vidal-nueva-directora-de-talento-en-primer-impacto\/#breadcrumb\"},\"inLanguage\":\"en-GB\",\"potentialAction\":[{\"@type\":\"ReadAction\",\"target\":[\"https:\/\/primer-impacto.com\/bienvenida-gemma-vidal-nueva-directora-de-talento-en-primer-impacto\/\"]}]},{\"@type\":\"ImageObject\",\"inLanguage\":\"en-GB\",\"@id\":\"https:\/\/primer-impacto.com\/bienvenida-gemma-vidal-nueva-directora-de-talento-en-primer-impacto\/#primaryimage\",\"url\":\"https:\/\/primer-impacto.com\/wp-content\/uploads\/2021\/11\/Gemma-Vidal-scaled.jpg\",\"contentUrl\":\"https:\/\/primer-impacto.com\/wp-content\/uploads\/2021\/11\/Gemma-Vidal-scaled.jpg\",\"width\":2473,\"height\":2560},{\"@type\":\"BreadcrumbList\",\"@id\":\"https:\/\/primer-impacto.com\/bienvenida-gemma-vidal-nueva-directora-de-talento-en-primer-impacto\/#breadcrumb\",\"itemListElement\":[{\"@type\":\"ListItem\",\"position\":1,\"name\":\"Portada\",\"item\":\"https:\/\/primer-impacto.com\/\"},{\"@type\":\"ListItem\",\"position\":2,\"name\":\"\u00a1Bienvenida Gemma Vidal! Nueva Directora de Talento en Primer Impacto\"}]},{\"@type\":\"WebSite\",\"@id\":\"https:\/\/primer-impacto.com\/#website\",\"url\":\"https:\/\/primer-impacto.com\/\",\"name\":\"Primer impacto\",\"description\":\"Especialistas en servicios en el Punto de Venta\",\"publisher\":{\"@id\":\"https:\/\/primer-impacto.com\/#organization\"},\"potentialAction\":[{\"@type\":\"SearchAction\",\"target\":{\"@type\":\"EntryPoint\",\"urlTemplate\":\"https:\/\/primer-impacto.com\/?s={search_term_string}\"},\"query-input\":\"required name=search_term_string\"}],\"inLanguage\":\"en-GB\"},{\"@type\":\"Organization\",\"@id\":\"https:\/\/primer-impacto.com\/#organization\",\"name\":\"Primer Impacto\",\"url\":\"https:\/\/primer-impacto.com\/\",\"logo\":{\"@type\":\"ImageObject\",\"inLanguage\":\"en-GB\",\"@id\":\"https:\/\/primer-impacto.com\/#\/schema\/logo\/image\/\",\"url\":\"https:\/\/primer-impacto.com\/wp-content\/uploads\/2022\/07\/logo_pi.png\",\"contentUrl\":\"https:\/\/primer-impacto.com\/wp-content\/uploads\/2022\/07\/logo_pi.png\",\"width\":377,\"height\":377,\"caption\":\"Primer Impacto\"},\"image\":{\"@id\":\"https:\/\/primer-impacto.com\/#\/schema\/logo\/image\/\"}},{\"@type\":\"Person\",\"@id\":\"https:\/\/primer-impacto.com\/#\/schema\/person\/a5fde16f13962a866147b25c0e3f6629\",\"name\":\"admin\",\"image\":{\"@type\":\"ImageObject\",\"inLanguage\":\"en-GB\",\"@id\":\"https:\/\/primer-impacto.com\/#\/schema\/person\/image\/\",\"url\":\"https:\/\/secure.gravatar.com\/avatar\/9d4580a48cd1910cc51e0dfd3fd063c0caadea953e64fb47c872043d240ffeab?s=96&d=mm&r=g\",\"contentUrl\":\"https:\/\/secure.gravatar.com\/avatar\/9d4580a48cd1910cc51e0dfd3fd063c0caadea953e64fb47c872043d240ffeab?s=96&d=mm&r=g\",\"caption\":\"admin\"},\"sameAs\":[\"https:\/\/primer-impacto.com\"]}]}<\/script>\n<!-- \/ Yoast SEO plugin. -->","yoast_head_json":{"title":"\u00a1Bienvenida Gemma Vidal a Primer Impacto! - Primer impacto","description":"Conoce a Gemma Vidal, nuestra nueva Directora de Talento, con m\u00e1s de dos d\u00e9cadas de experiencia en recursos humanos en diversos sectores.","robots":{"index":"index","follow":"follow","max-snippet":"max-snippet:-1","max-image-preview":"max-image-preview:large","max-video-preview":"max-video-preview:-1"},"canonical":"https:\/\/primer-impacto.com\/en\/bienvenida-gemma-vidal-nueva-directora-de-talento-en-primer-impacto\/","og_locale":"en_GB","og_type":"article","og_title":"\u00a1Bienvenida Gemma Vidal a Primer Impacto! - Primer impacto","og_description":"Conoce a Gemma Vidal, nuestra nueva Directora de Talento, con m\u00e1s de dos d\u00e9cadas de experiencia en recursos humanos en diversos sectores.","og_url":"https:\/\/primer-impacto.com\/en\/bienvenida-gemma-vidal-nueva-directora-de-talento-en-primer-impacto\/","og_site_name":"Primer impacto","article_published_time":"2021-11-03T10:43:11+00:00","article_modified_time":"2024-02-27T19:24:25+00:00","og_image":[{"width":2473,"height":2560,"url":"https:\/\/primer-impacto.com\/wp-content\/uploads\/2021\/11\/Gemma-Vidal-scaled.jpg","type":"image\/jpeg"}],"author":"admin","twitter_card":"summary_large_image","twitter_misc":{"Written by":"admin","Estimated reading time":"2 minutes"},"schema":{"@context":"https:\/\/schema.org","@graph":[{"@type":"Article","@id":"https:\/\/primer-impacto.com\/bienvenida-gemma-vidal-nueva-directora-de-talento-en-primer-impacto\/#article","isPartOf":{"@id":"https:\/\/primer-impacto.com\/bienvenida-gemma-vidal-nueva-directora-de-talento-en-primer-impacto\/"},"author":{"name":"admin","@id":"https:\/\/primer-impacto.com\/#\/schema\/person\/a5fde16f13962a866147b25c0e3f6629"},"headline":"\u00a1Bienvenida Gemma Vidal! Nueva Directora de Talento en Primer Impacto","datePublished":"2021-11-03T10:43:11+00:00","dateModified":"2024-02-27T19:24:25+00:00","mainEntityOfPage":{"@id":"https:\/\/primer-impacto.com\/bienvenida-gemma-vidal-nueva-directora-de-talento-en-primer-impacto\/"},"wordCount":493,"publisher":{"@id":"https:\/\/primer-impacto.com\/#organization"},"image":{"@id":"https:\/\/primer-impacto.com\/bienvenida-gemma-vidal-nueva-directora-de-talento-en-primer-impacto\/#primaryimage"},"thumbnailUrl":"https:\/\/primer-impacto.com\/wp-content\/uploads\/2021\/11\/Gemma-Vidal-scaled.jpg","keywords":["Notas de Blog"],"articleSection":["Uncategorized"],"inLanguage":"en-GB"},{"@type":"WebPage","@id":"https:\/\/primer-impacto.com\/bienvenida-gemma-vidal-nueva-directora-de-talento-en-primer-impacto\/","url":"https:\/\/primer-impacto.com\/bienvenida-gemma-vidal-nueva-directora-de-talento-en-primer-impacto\/","name":"\u00a1Bienvenida Gemma Vidal a Primer Impacto! - Primer impacto","isPartOf":{"@id":"https:\/\/primer-impacto.com\/#website"},"primaryImageOfPage":{"@id":"https:\/\/primer-impacto.com\/bienvenida-gemma-vidal-nueva-directora-de-talento-en-primer-impacto\/#primaryimage"},"image":{"@id":"https:\/\/primer-impacto.com\/bienvenida-gemma-vidal-nueva-directora-de-talento-en-primer-impacto\/#primaryimage"},"thumbnailUrl":"https:\/\/primer-impacto.com\/wp-content\/uploads\/2021\/11\/Gemma-Vidal-scaled.jpg","datePublished":"2021-11-03T10:43:11+00:00","dateModified":"2024-02-27T19:24:25+00:00","description":"Conoce a Gemma Vidal, nuestra nueva Directora de Talento, con m\u00e1s de dos d\u00e9cadas de experiencia en recursos humanos en diversos sectores.","breadcrumb":{"@id":"https:\/\/primer-impacto.com\/bienvenida-gemma-vidal-nueva-directora-de-talento-en-primer-impacto\/#breadcrumb"},"inLanguage":"en-GB","potentialAction":[{"@type":"ReadAction","target":["https:\/\/primer-impacto.com\/bienvenida-gemma-vidal-nueva-directora-de-talento-en-primer-impacto\/"]}]},{"@type":"ImageObject","inLanguage":"en-GB","@id":"https:\/\/primer-impacto.com\/bienvenida-gemma-vidal-nueva-directora-de-talento-en-primer-impacto\/#primaryimage","url":"https:\/\/primer-impacto.com\/wp-content\/uploads\/2021\/11\/Gemma-Vidal-scaled.jpg","contentUrl":"https:\/\/primer-impacto.com\/wp-content\/uploads\/2021\/11\/Gemma-Vidal-scaled.jpg","width":2473,"height":2560},{"@type":"BreadcrumbList","@id":"https:\/\/primer-impacto.com\/bienvenida-gemma-vidal-nueva-directora-de-talento-en-primer-impacto\/#breadcrumb","itemListElement":[{"@type":"ListItem","position":1,"name":"Portada","item":"https:\/\/primer-impacto.com\/"},{"@type":"ListItem","position":2,"name":"\u00a1Bienvenida Gemma Vidal! Nueva Directora de Talento en Primer Impacto"}]},{"@type":"WebSite","@id":"https:\/\/primer-impacto.com\/#website","url":"https:\/\/primer-impacto.com\/","name":"Primer impacto","description":"Especialistas en servicios en el Punto de Venta","publisher":{"@id":"https:\/\/primer-impacto.com\/#organization"},"potentialAction":[{"@type":"SearchAction","target":{"@type":"EntryPoint","urlTemplate":"https:\/\/primer-impacto.com\/?s={search_term_string}"},"query-input":"required name=search_term_string"}],"inLanguage":"en-GB"},{"@type":"Organization","@id":"https:\/\/primer-impacto.com\/#organization","name":"Primer Impacto","url":"https:\/\/primer-impacto.com\/","logo":{"@type":"ImageObject","inLanguage":"en-GB","@id":"https:\/\/primer-impacto.com\/#\/schema\/logo\/image\/","url":"https:\/\/primer-impacto.com\/wp-content\/uploads\/2022\/07\/logo_pi.png","contentUrl":"https:\/\/primer-impacto.com\/wp-content\/uploads\/2022\/07\/logo_pi.png","width":377,"height":377,"caption":"Primer Impacto"},"image":{"@id":"https:\/\/primer-impacto.com\/#\/schema\/logo\/image\/"}},{"@type":"Person","@id":"https:\/\/primer-impacto.com\/#\/schema\/person\/a5fde16f13962a866147b25c0e3f6629","name":"admin","image":{"@type":"ImageObject","inLanguage":"en-GB","@id":"https:\/\/primer-impacto.com\/#\/schema\/person\/image\/","url":"https:\/\/secure.gravatar.com\/avatar\/9d4580a48cd1910cc51e0dfd3fd063c0caadea953e64fb47c872043d240ffeab?s=96&d=mm&r=g","contentUrl":"https:\/\/secure.gravatar.com\/avatar\/9d4580a48cd1910cc51e0dfd3fd063c0caadea953e64fb47c872043d240ffeab?s=96&d=mm&r=g","caption":"admin"},"sameAs":["https:\/\/primer-impacto.com"]}]}},"_links":{"self":[{"href":"https:\/\/primer-impacto.com\/en\/wp-json\/wp\/v2\/posts\/3251","targetHints":{"allow":["GET"]}}],"collection":[{"href":"https:\/\/primer-impacto.com\/en\/wp-json\/wp\/v2\/posts"}],"about":[{"href":"https:\/\/primer-impacto.com\/en\/wp-json\/wp\/v2\/types\/post"}],"author":[{"embeddable":true,"href":"https:\/\/primer-impacto.com\/en\/wp-json\/wp\/v2\/users\/1"}],"replies":[{"embeddable":true,"href":"https:\/\/primer-impacto.com\/en\/wp-json\/wp\/v2\/comments?post=3251"}],"version-history":[{"count":1,"href":"https:\/\/primer-impacto.com\/en\/wp-json\/wp\/v2\/posts\/3251\/revisions"}],"predecessor-version":[{"id":3748,"href":"https:\/\/primer-impacto.com\/en\/wp-json\/wp\/v2\/posts\/3251\/revisions\/3748"}],"wp:featuredmedia":[{"embeddable":true,"href":"https:\/\/primer-impacto.com\/en\/wp-json\/wp\/v2\/media\/3159"}],"wp:attachment":[{"href":"https:\/\/primer-impacto.com\/en\/wp-json\/wp\/v2\/media?parent=3251"}],"wp:term":[{"taxonomy":"category","embeddable":true,"href":"https:\/\/primer-impacto.com\/en\/wp-json\/wp\/v2\/categories?post=3251"},{"taxonomy":"post_tag","embeddable":true,"href":"https:\/\/primer-impacto.com\/en\/wp-json\/wp\/v2\/tags?post=3251"}],"curies":[{"name":"wp","href":"https:\/\/api.w.org\/{rel}","templated":true}]}}