{"id":3225,"date":"2019-09-26T12:46:35","date_gmt":"2019-09-26T11:46:35","guid":{"rendered":"https:\/\/primer-impacto.com\/?p=1531"},"modified":"2024-06-04T13:13:16","modified_gmt":"2024-06-04T13:13:16","slug":"compromiso-social","status":"publish","type":"post","link":"https:\/\/primer-impacto.com\/en\/compromiso-social\/","title":{"rendered":"Compromiso Social"},"content":{"rendered":"<p>La pasada semana realizamos nuestra segunda convenci\u00f3n de 2019, ya sab\u00e9is que cada seis meses nos juntamos todos en nuestras oficinas de Badalona. Toooda la empresa en un mismo lugar para salvar esos cientos de kil\u00f3metros que nos separan durante el resto del a\u00f1o y as\u00ed compartir nuestras inquietudes y nuestro d\u00eda a d\u00eda sin una pantalla de por medio, con todos los sentimientos en primera l\u00ednea, as\u00ed es como mejor se comunica y mejor se empatiza.<\/p>\n<p>Este semestre, alineados con nuestro prop\u00f3sito (<strong>Desarrollar a las personas para hacer crecer el mundo<\/strong>), adem\u00e1s de consolidar nuestro trabajo en equipo, hemos tomado conciencia social y hemos pasado a la acci\u00f3n para dejar un poquito de nosotros en acidH (Asociaci\u00f3n Catalana de Integraci\u00f3n y Desarrollo Humano) y, sin buscarlo, sin casi imaginarlo, nos hemos ido empapando de sensaciones y nos hemos llevado un saco enorme de experiencias positivas gracias a las personas con inteligencia l\u00edmite que han compartido sus historias de vida con nosotros y, por supuesto, gracias a todo el equipo que les ayuda a cubrir sus necesidades a nivel social, laboral y formativo.<\/p>\n<p><img fetchpriority=\"high\" decoding=\"async\" class=\"wp-image-1532 aligncenter\" src=\"https:\/\/primer-impacto.com\/wp-content\/uploads\/2019\/09\/IMG_6029-1024x683.jpg\" alt=\"\" width=\"623\" height=\"415\" srcset=\"https:\/\/primer-impacto.com\/wp-content\/uploads\/2019\/09\/IMG_6029-1024x683.jpg 1024w, https:\/\/primer-impacto.com\/wp-content\/uploads\/2019\/09\/IMG_6029-300x200.jpg 300w, https:\/\/primer-impacto.com\/wp-content\/uploads\/2019\/09\/IMG_6029-768x512.jpg 768w, https:\/\/primer-impacto.com\/wp-content\/uploads\/2019\/09\/IMG_6029-1536x1024.jpg 1536w, https:\/\/primer-impacto.com\/wp-content\/uploads\/2019\/09\/IMG_6029-2048x1365.jpg 2048w\" sizes=\"(max-width: 623px) 100vw, 623px\" \/><\/p>\n<p>Esta convenci\u00f3n ha tenido un gran impacto positivo en nuestras emociones, en nuestra manera de entender las relaciones humanas y de entender que cada persona es diferente y cada uno de nosotros necesita un trato personal para poder desarrollar el potencial humano que todos llevamos dentro.<\/p>\n<p>Ha sido una convenci\u00f3n muy gratificante que nos ha inyectado una buena dosis de emociones que, sin duda, nos ayudar\u00e1n a afrontar nuestro d\u00eda a d\u00eda con m\u00e1s alegr\u00eda y positivismo.<\/p>\n<p>\u00a1Gracias a todos por hacernos sentir mejores personas!<\/p>","protected":false},"excerpt":{"rendered":"<p>La pasada semana realizamos nuestra segunda convenci\u00f3n de 2019, ya sab\u00e9is que cada seis meses nos juntamos todos en nuestras oficinas de Badalona. Toooda la empresa en un mismo lugar para salvar esos cientos de kil\u00f3metros que nos separan durante el resto del a\u00f1o y as\u00ed compartir nuestras inquietudes y nuestro d\u00eda a d\u00eda sin [&hellip;]<\/p>","protected":false},"author":1,"featured_media":3103,"comment_status":"closed","ping_status":"open","sticky":false,"template":"","format":"aside","meta":{"inline_featured_image":false,"footnotes":""},"categories":[1],"tags":[265],"class_list":["post-3225","post","type-post","status-publish","format-aside","has-post-thumbnail","hentry","category-uncategorized","tag-notas-de-blog","post_format-post-format-aside"],"yoast_head":"<!-- This site is optimized with the Yoast SEO plugin v22.9 - https:\/\/yoast.com\/wordpress\/plugins\/seo\/ -->\n<title>Compromiso Social - Primer impacto<\/title>\n<meta name=\"description\" content=\"Revive nuestra emocionante convenci\u00f3n 2019 en Badalona, donde fortalecimos equipos \u00a1Conecta sin pantallas y crece con nosotros!\" \/>\n<meta name=\"robots\" content=\"index, follow, max-snippet:-1, max-image-preview:large, max-video-preview:-1\" \/>\n<link rel=\"canonical\" href=\"https:\/\/primer-impacto.com\/en\/compromiso-social\/\" \/>\n<meta property=\"og:locale\" content=\"en_GB\" \/>\n<meta property=\"og:type\" content=\"article\" \/>\n<meta property=\"og:title\" content=\"Compromiso Social - Primer impacto\" \/>\n<meta property=\"og:description\" content=\"Revive nuestra emocionante convenci\u00f3n 2019 en Badalona, donde fortalecimos equipos \u00a1Conecta sin pantallas y crece con nosotros!\" \/>\n<meta property=\"og:url\" content=\"https:\/\/primer-impacto.com\/en\/compromiso-social\/\" \/>\n<meta property=\"og:site_name\" content=\"Primer impacto\" \/>\n<meta property=\"article:published_time\" content=\"2019-09-26T11:46:35+00:00\" \/>\n<meta property=\"article:modified_time\" content=\"2024-06-04T13:13:16+00:00\" \/>\n<meta property=\"og:image\" content=\"https:\/\/primer-impacto.com\/wp-content\/uploads\/2019\/09\/IMG_6015-3.jpg\" \/>\n\t<meta property=\"og:image:width\" content=\"2241\" \/>\n\t<meta property=\"og:image:height\" content=\"1406\" \/>\n\t<meta property=\"og:image:type\" content=\"image\/jpeg\" \/>\n<meta name=\"author\" content=\"admin\" \/>\n<meta name=\"twitter:card\" content=\"summary_large_image\" \/>\n<meta name=\"twitter:label1\" content=\"Written by\" \/>\n\t<meta name=\"twitter:data1\" content=\"admin\" \/>\n\t<meta name=\"twitter:label2\" content=\"Estimated reading time\" \/>\n\t<meta name=\"twitter:data2\" content=\"2 minutes\" \/>\n<script type=\"application\/ld+json\" class=\"yoast-schema-graph\">{\"@context\":\"https:\/\/schema.org\",\"@graph\":[{\"@type\":\"Article\",\"@id\":\"https:\/\/primer-impacto.com\/compromiso-social\/#article\",\"isPartOf\":{\"@id\":\"https:\/\/primer-impacto.com\/compromiso-social\/\"},\"author\":{\"name\":\"admin\",\"@id\":\"https:\/\/primer-impacto.com\/#\/schema\/person\/a5fde16f13962a866147b25c0e3f6629\"},\"headline\":\"Compromiso Social\",\"datePublished\":\"2019-09-26T11:46:35+00:00\",\"dateModified\":\"2024-06-04T13:13:16+00:00\",\"mainEntityOfPage\":{\"@id\":\"https:\/\/primer-impacto.com\/compromiso-social\/\"},\"wordCount\":289,\"publisher\":{\"@id\":\"https:\/\/primer-impacto.com\/#organization\"},\"image\":{\"@id\":\"https:\/\/primer-impacto.com\/compromiso-social\/#primaryimage\"},\"thumbnailUrl\":\"https:\/\/primer-impacto.com\/wp-content\/uploads\/2019\/09\/IMG_6015-3.jpg\",\"keywords\":[\"Notas de Blog\"],\"articleSection\":[\"Uncategorized\"],\"inLanguage\":\"en-GB\"},{\"@type\":\"WebPage\",\"@id\":\"https:\/\/primer-impacto.com\/compromiso-social\/\",\"url\":\"https:\/\/primer-impacto.com\/compromiso-social\/\",\"name\":\"Compromiso Social - Primer impacto\",\"isPartOf\":{\"@id\":\"https:\/\/primer-impacto.com\/#website\"},\"primaryImageOfPage\":{\"@id\":\"https:\/\/primer-impacto.com\/compromiso-social\/#primaryimage\"},\"image\":{\"@id\":\"https:\/\/primer-impacto.com\/compromiso-social\/#primaryimage\"},\"thumbnailUrl\":\"https:\/\/primer-impacto.com\/wp-content\/uploads\/2019\/09\/IMG_6015-3.jpg\",\"datePublished\":\"2019-09-26T11:46:35+00:00\",\"dateModified\":\"2024-06-04T13:13:16+00:00\",\"description\":\"Revive nuestra emocionante convenci\u00f3n 2019 en Badalona, donde fortalecimos equipos \u00a1Conecta sin pantallas y crece con nosotros!\",\"breadcrumb\":{\"@id\":\"https:\/\/primer-impacto.com\/compromiso-social\/#breadcrumb\"},\"inLanguage\":\"en-GB\",\"potentialAction\":[{\"@type\":\"ReadAction\",\"target\":[\"https:\/\/primer-impacto.com\/compromiso-social\/\"]}]},{\"@type\":\"ImageObject\",\"inLanguage\":\"en-GB\",\"@id\":\"https:\/\/primer-impacto.com\/compromiso-social\/#primaryimage\",\"url\":\"https:\/\/primer-impacto.com\/wp-content\/uploads\/2019\/09\/IMG_6015-3.jpg\",\"contentUrl\":\"https:\/\/primer-impacto.com\/wp-content\/uploads\/2019\/09\/IMG_6015-3.jpg\",\"width\":2241,\"height\":1406},{\"@type\":\"BreadcrumbList\",\"@id\":\"https:\/\/primer-impacto.com\/compromiso-social\/#breadcrumb\",\"itemListElement\":[{\"@type\":\"ListItem\",\"position\":1,\"name\":\"Portada\",\"item\":\"https:\/\/primer-impacto.com\/\"},{\"@type\":\"ListItem\",\"position\":2,\"name\":\"Compromiso Social\"}]},{\"@type\":\"WebSite\",\"@id\":\"https:\/\/primer-impacto.com\/#website\",\"url\":\"https:\/\/primer-impacto.com\/\",\"name\":\"Primer impacto\",\"description\":\"Especialistas en servicios en el Punto de Venta\",\"publisher\":{\"@id\":\"https:\/\/primer-impacto.com\/#organization\"},\"potentialAction\":[{\"@type\":\"SearchAction\",\"target\":{\"@type\":\"EntryPoint\",\"urlTemplate\":\"https:\/\/primer-impacto.com\/?s={search_term_string}\"},\"query-input\":\"required name=search_term_string\"}],\"inLanguage\":\"en-GB\"},{\"@type\":\"Organization\",\"@id\":\"https:\/\/primer-impacto.com\/#organization\",\"name\":\"Primer Impacto\",\"url\":\"https:\/\/primer-impacto.com\/\",\"logo\":{\"@type\":\"ImageObject\",\"inLanguage\":\"en-GB\",\"@id\":\"https:\/\/primer-impacto.com\/#\/schema\/logo\/image\/\",\"url\":\"https:\/\/primer-impacto.com\/wp-content\/uploads\/2022\/07\/logo_pi.png\",\"contentUrl\":\"https:\/\/primer-impacto.com\/wp-content\/uploads\/2022\/07\/logo_pi.png\",\"width\":377,\"height\":377,\"caption\":\"Primer Impacto\"},\"image\":{\"@id\":\"https:\/\/primer-impacto.com\/#\/schema\/logo\/image\/\"}},{\"@type\":\"Person\",\"@id\":\"https:\/\/primer-impacto.com\/#\/schema\/person\/a5fde16f13962a866147b25c0e3f6629\",\"name\":\"admin\",\"image\":{\"@type\":\"ImageObject\",\"inLanguage\":\"en-GB\",\"@id\":\"https:\/\/primer-impacto.com\/#\/schema\/person\/image\/\",\"url\":\"https:\/\/secure.gravatar.com\/avatar\/9d4580a48cd1910cc51e0dfd3fd063c0caadea953e64fb47c872043d240ffeab?s=96&d=mm&r=g\",\"contentUrl\":\"https:\/\/secure.gravatar.com\/avatar\/9d4580a48cd1910cc51e0dfd3fd063c0caadea953e64fb47c872043d240ffeab?s=96&d=mm&r=g\",\"caption\":\"admin\"},\"sameAs\":[\"https:\/\/primer-impacto.com\"]}]}<\/script>\n<!-- \/ Yoast SEO plugin. -->","yoast_head_json":{"title":"Compromiso Social - Primer impacto","description":"Revive nuestra emocionante convenci\u00f3n 2019 en Badalona, donde fortalecimos equipos \u00a1Conecta sin pantallas y crece con nosotros!","robots":{"index":"index","follow":"follow","max-snippet":"max-snippet:-1","max-image-preview":"max-image-preview:large","max-video-preview":"max-video-preview:-1"},"canonical":"https:\/\/primer-impacto.com\/en\/compromiso-social\/","og_locale":"en_GB","og_type":"article","og_title":"Compromiso Social - Primer impacto","og_description":"Revive nuestra emocionante convenci\u00f3n 2019 en Badalona, donde fortalecimos equipos \u00a1Conecta sin pantallas y crece con nosotros!","og_url":"https:\/\/primer-impacto.com\/en\/compromiso-social\/","og_site_name":"Primer impacto","article_published_time":"2019-09-26T11:46:35+00:00","article_modified_time":"2024-06-04T13:13:16+00:00","og_image":[{"width":2241,"height":1406,"url":"https:\/\/primer-impacto.com\/wp-content\/uploads\/2019\/09\/IMG_6015-3.jpg","type":"image\/jpeg"}],"author":"admin","twitter_card":"summary_large_image","twitter_misc":{"Written by":"admin","Estimated reading time":"2 minutes"},"schema":{"@context":"https:\/\/schema.org","@graph":[{"@type":"Article","@id":"https:\/\/primer-impacto.com\/compromiso-social\/#article","isPartOf":{"@id":"https:\/\/primer-impacto.com\/compromiso-social\/"},"author":{"name":"admin","@id":"https:\/\/primer-impacto.com\/#\/schema\/person\/a5fde16f13962a866147b25c0e3f6629"},"headline":"Compromiso Social","datePublished":"2019-09-26T11:46:35+00:00","dateModified":"2024-06-04T13:13:16+00:00","mainEntityOfPage":{"@id":"https:\/\/primer-impacto.com\/compromiso-social\/"},"wordCount":289,"publisher":{"@id":"https:\/\/primer-impacto.com\/#organization"},"image":{"@id":"https:\/\/primer-impacto.com\/compromiso-social\/#primaryimage"},"thumbnailUrl":"https:\/\/primer-impacto.com\/wp-content\/uploads\/2019\/09\/IMG_6015-3.jpg","keywords":["Notas de Blog"],"articleSection":["Uncategorized"],"inLanguage":"en-GB"},{"@type":"WebPage","@id":"https:\/\/primer-impacto.com\/compromiso-social\/","url":"https:\/\/primer-impacto.com\/compromiso-social\/","name":"Compromiso Social - Primer impacto","isPartOf":{"@id":"https:\/\/primer-impacto.com\/#website"},"primaryImageOfPage":{"@id":"https:\/\/primer-impacto.com\/compromiso-social\/#primaryimage"},"image":{"@id":"https:\/\/primer-impacto.com\/compromiso-social\/#primaryimage"},"thumbnailUrl":"https:\/\/primer-impacto.com\/wp-content\/uploads\/2019\/09\/IMG_6015-3.jpg","datePublished":"2019-09-26T11:46:35+00:00","dateModified":"2024-06-04T13:13:16+00:00","description":"Revive nuestra emocionante convenci\u00f3n 2019 en Badalona, donde fortalecimos equipos \u00a1Conecta sin pantallas y crece con nosotros!","breadcrumb":{"@id":"https:\/\/primer-impacto.com\/compromiso-social\/#breadcrumb"},"inLanguage":"en-GB","potentialAction":[{"@type":"ReadAction","target":["https:\/\/primer-impacto.com\/compromiso-social\/"]}]},{"@type":"ImageObject","inLanguage":"en-GB","@id":"https:\/\/primer-impacto.com\/compromiso-social\/#primaryimage","url":"https:\/\/primer-impacto.com\/wp-content\/uploads\/2019\/09\/IMG_6015-3.jpg","contentUrl":"https:\/\/primer-impacto.com\/wp-content\/uploads\/2019\/09\/IMG_6015-3.jpg","width":2241,"height":1406},{"@type":"BreadcrumbList","@id":"https:\/\/primer-impacto.com\/compromiso-social\/#breadcrumb","itemListElement":[{"@type":"ListItem","position":1,"name":"Portada","item":"https:\/\/primer-impacto.com\/"},{"@type":"ListItem","position":2,"name":"Compromiso Social"}]},{"@type":"WebSite","@id":"https:\/\/primer-impacto.com\/#website","url":"https:\/\/primer-impacto.com\/","name":"Primer impacto","description":"Especialistas en servicios en el Punto de Venta","publisher":{"@id":"https:\/\/primer-impacto.com\/#organization"},"potentialAction":[{"@type":"SearchAction","target":{"@type":"EntryPoint","urlTemplate":"https:\/\/primer-impacto.com\/?s={search_term_string}"},"query-input":"required name=search_term_string"}],"inLanguage":"en-GB"},{"@type":"Organization","@id":"https:\/\/primer-impacto.com\/#organization","name":"Primer Impacto","url":"https:\/\/primer-impacto.com\/","logo":{"@type":"ImageObject","inLanguage":"en-GB","@id":"https:\/\/primer-impacto.com\/#\/schema\/logo\/image\/","url":"https:\/\/primer-impacto.com\/wp-content\/uploads\/2022\/07\/logo_pi.png","contentUrl":"https:\/\/primer-impacto.com\/wp-content\/uploads\/2022\/07\/logo_pi.png","width":377,"height":377,"caption":"Primer Impacto"},"image":{"@id":"https:\/\/primer-impacto.com\/#\/schema\/logo\/image\/"}},{"@type":"Person","@id":"https:\/\/primer-impacto.com\/#\/schema\/person\/a5fde16f13962a866147b25c0e3f6629","name":"admin","image":{"@type":"ImageObject","inLanguage":"en-GB","@id":"https:\/\/primer-impacto.com\/#\/schema\/person\/image\/","url":"https:\/\/secure.gravatar.com\/avatar\/9d4580a48cd1910cc51e0dfd3fd063c0caadea953e64fb47c872043d240ffeab?s=96&d=mm&r=g","contentUrl":"https:\/\/secure.gravatar.com\/avatar\/9d4580a48cd1910cc51e0dfd3fd063c0caadea953e64fb47c872043d240ffeab?s=96&d=mm&r=g","caption":"admin"},"sameAs":["https:\/\/primer-impacto.com"]}]}},"_links":{"self":[{"href":"https:\/\/primer-impacto.com\/en\/wp-json\/wp\/v2\/posts\/3225","targetHints":{"allow":["GET"]}}],"collection":[{"href":"https:\/\/primer-impacto.com\/en\/wp-json\/wp\/v2\/posts"}],"about":[{"href":"https:\/\/primer-impacto.com\/en\/wp-json\/wp\/v2\/types\/post"}],"author":[{"embeddable":true,"href":"https:\/\/primer-impacto.com\/en\/wp-json\/wp\/v2\/users\/1"}],"replies":[{"embeddable":true,"href":"https:\/\/primer-impacto.com\/en\/wp-json\/wp\/v2\/comments?post=3225"}],"version-history":[{"count":2,"href":"https:\/\/primer-impacto.com\/en\/wp-json\/wp\/v2\/posts\/3225\/revisions"}],"predecessor-version":[{"id":4794,"href":"https:\/\/primer-impacto.com\/en\/wp-json\/wp\/v2\/posts\/3225\/revisions\/4794"}],"wp:featuredmedia":[{"embeddable":true,"href":"https:\/\/primer-impacto.com\/en\/wp-json\/wp\/v2\/media\/3103"}],"wp:attachment":[{"href":"https:\/\/primer-impacto.com\/en\/wp-json\/wp\/v2\/media?parent=3225"}],"wp:term":[{"taxonomy":"category","embeddable":true,"href":"https:\/\/primer-impacto.com\/en\/wp-json\/wp\/v2\/categories?post=3225"},{"taxonomy":"post_tag","embeddable":true,"href":"https:\/\/primer-impacto.com\/en\/wp-json\/wp\/v2\/tags?post=3225"}],"curies":[{"name":"wp","href":"https:\/\/api.w.org\/{rel}","templated":true}]}}