{"id":5417,"date":"2022-12-09T13:12:52","date_gmt":"2022-12-09T13:12:52","guid":{"rendered":"https:\/\/primer-impacto.com\/?p=5417"},"modified":"2023-05-30T09:56:11","modified_gmt":"2023-05-30T09:56:11","slug":"como-el-consumidor-percibe-estas-navidades","status":"publish","type":"post","link":"https:\/\/primer-impacto.com\/cat\/como-el-consumidor-percibe-estas-navidades\/","title":{"rendered":"Com el consumidor percep aquest Nadal a Espanya?"},"content":{"rendered":"<p>Ante la realidad socioecon\u00f3mica en Espa\u00f1a, este a\u00f1o las compras navide\u00f1as est\u00e1n siendo mucho m\u00e1s planificadas.\u00a0<\/p>\n\n\n\n<h2 class=\"wp-block-heading has-medium-font-size\">Las navidades hoy<\/h2>\n\n\n\n<p>Pr\u00e1cticamente tres de cada cuatro compradores habr\u00e1n iniciado las compras de Navidad a principios de diciembre, buscando mejores precios y buenas promociones.<\/p>\n\n\n\n<p>Un 74% de los espa\u00f1oles tiene previsto realizar las compras navide\u00f1as en las tiendas f\u00edsicas&nbsp;<\/p>\n\n\n\n<p>Si bien es cierto que la afluencia de p\u00fablico en tienda a\u00fan no est\u00e1 en los niveles pre pand\u00e9micos, se observa una tendencia renovada por consumir.&nbsp;&nbsp;<\/p>\n\n\n\n<p>Descubre en esta #infografia sobre el comportamiento de compra de los consumidores en Espa\u00f1a para estas navidades \ud83d\udc98 y \u00a1comparte si te ha parecido \u00fatil!\ud83d\udc47<\/p>\n\n\n\n<p>#pi #primerimpacto #pdv #navidad<\/p>\n\n\n\n<h4 class=\"wp-block-heading\">#PdV #PrimerImpacto #cuidadopersonal #tendenciasdeconsumo<\/h4>\n\n\n<div class=\"wp-block-image\">\n<figure class=\"aligncenter size-large is-resized\"><img fetchpriority=\"high\" decoding=\"async\" src=\"https:\/\/primer-impacto.com\/wp-content\/uploads\/2022\/12\/Infografia-PI-1-802x1024.png\" alt=\"\" class=\"wp-image-5419\" width=\"690\" height=\"881\" srcset=\"https:\/\/primer-impacto.com\/wp-content\/uploads\/2022\/12\/Infografia-PI-1-802x1024.png 802w, https:\/\/primer-impacto.com\/wp-content\/uploads\/2022\/12\/Infografia-PI-1-235x300.png 235w, https:\/\/primer-impacto.com\/wp-content\/uploads\/2022\/12\/Infografia-PI-1-768x981.png 768w, https:\/\/primer-impacto.com\/wp-content\/uploads\/2022\/12\/Infografia-PI-1.png 831w\" sizes=\"(max-width: 690px) 100vw, 690px\" \/><\/figure>\n<\/div>\n\n\n<h3 class=\"wp-block-heading has-text-align-center has-text-color\" style=\"color:#f3003a;font-size:22px\">\u00bfEres fabricante del sector BTC? <a href=\"https:\/\/primer-impacto.com\/cat\/como-activar-el-sell-out-en-el-punto-de-venta-si-eres-un-fabricante-btc\/\">\u00c9ste art\u00edculo es para ti <\/a><\/h3>","protected":false},"excerpt":{"rendered":"<p>Ante la realidad socioecon\u00f3mica en Espa\u00f1a, este a\u00f1o las compras navide\u00f1as est\u00e1n siendo mucho m\u00e1s planificadas.\u00a0 Las navidades hoy Pr\u00e1cticamente tres de cada cuatro compradores habr\u00e1n iniciado las compras de Navidad a principios de diciembre, buscando mejores precios y buenas promociones. Un 74% de los espa\u00f1oles tiene previsto realizar las compras navide\u00f1as en las tiendas [&hellip;]<\/p>","protected":false},"author":2,"featured_media":4193,"comment_status":"closed","ping_status":"open","sticky":false,"template":"","format":"standard","meta":{"inline_featured_image":false,"footnotes":""},"categories":[259,258,260,256],"tags":[255,305],"class_list":["post-5417","post","type-post","status-publish","format-standard","has-post-thumbnail","hentry","category-formacion-pdv","category-gestion-de-pdv","category-redes-comerciales","category-visibilidad","tag-infografia","tag-navidades"],"yoast_head":"<!-- This site is optimized with the Yoast SEO plugin v22.9 - https:\/\/yoast.com\/wordpress\/plugins\/seo\/ -->\n<title>Percepci\u00f3n de las navidades en Espa\u00f1a - Primer impacto<\/title>\n<meta name=\"description\" content=\"Ante la realidad socioecon\u00f3mica en Espa\u00f1a, este a\u00f1o las compras navide\u00f1as est\u00e1n siendo mucho m\u00e1s planificadas.\u00a0Desc\u00fabrelo en esta infograf\u00eda\" \/>\n<meta name=\"robots\" content=\"index, follow, max-snippet:-1, max-image-preview:large, max-video-preview:-1\" \/>\n<link rel=\"canonical\" href=\"https:\/\/primer-impacto.com\/cat\/como-el-consumidor-percibe-estas-navidades\/\" \/>\n<meta property=\"og:locale\" content=\"ca_ES\" \/>\n<meta property=\"og:type\" content=\"article\" \/>\n<meta property=\"og:title\" content=\"Percepci\u00f3n de las navidades en Espa\u00f1a - Primer impacto\" \/>\n<meta property=\"og:description\" content=\"Ante la realidad socioecon\u00f3mica en Espa\u00f1a, este a\u00f1o las compras navide\u00f1as est\u00e1n siendo mucho m\u00e1s planificadas.\u00a0Desc\u00fabrelo en esta infograf\u00eda\" \/>\n<meta property=\"og:url\" content=\"https:\/\/primer-impacto.com\/cat\/como-el-consumidor-percibe-estas-navidades\/\" \/>\n<meta property=\"og:site_name\" content=\"Primer impacto\" \/>\n<meta property=\"article:published_time\" content=\"2022-12-09T13:12:52+00:00\" \/>\n<meta property=\"article:modified_time\" content=\"2023-05-30T09:56:11+00:00\" \/>\n<meta property=\"og:image\" content=\"https:\/\/primer-impacto.com\/wp-content\/uploads\/2022\/07\/Portadas-2-23.png\" \/>\n\t<meta property=\"og:image:width\" content=\"800\" \/>\n\t<meta property=\"og:image:height\" content=\"600\" \/>\n\t<meta property=\"og:image:type\" content=\"image\/png\" \/>\n<meta name=\"author\" content=\"pmuro\" \/>\n<meta name=\"twitter:card\" content=\"summary_large_image\" \/>\n<meta name=\"twitter:label1\" content=\"Escrit per\" \/>\n\t<meta name=\"twitter:data1\" content=\"pmuro\" \/>\n\t<meta name=\"twitter:label2\" content=\"Temps estimat de lectura\" \/>\n\t<meta name=\"twitter:data2\" content=\"1 minut\" \/>\n<script type=\"application\/ld+json\" class=\"yoast-schema-graph\">{\"@context\":\"https:\/\/schema.org\",\"@graph\":[{\"@type\":\"Article\",\"@id\":\"https:\/\/primer-impacto.com\/como-el-consumidor-percibe-estas-navidades\/#article\",\"isPartOf\":{\"@id\":\"https:\/\/primer-impacto.com\/como-el-consumidor-percibe-estas-navidades\/\"},\"author\":{\"name\":\"pmuro\",\"@id\":\"https:\/\/primer-impacto.com\/#\/schema\/person\/852b6479b0f9c213af66f74267019d5f\"},\"headline\":\"\u00bfC\u00f3mo el consumidor percibe estas navidades en Espa\u00f1a?\",\"datePublished\":\"2022-12-09T13:12:52+00:00\",\"dateModified\":\"2023-05-30T09:56:11+00:00\",\"mainEntityOfPage\":{\"@id\":\"https:\/\/primer-impacto.com\/como-el-consumidor-percibe-estas-navidades\/\"},\"wordCount\":152,\"publisher\":{\"@id\":\"https:\/\/primer-impacto.com\/#organization\"},\"image\":{\"@id\":\"https:\/\/primer-impacto.com\/como-el-consumidor-percibe-estas-navidades\/#primaryimage\"},\"thumbnailUrl\":\"https:\/\/primer-impacto.com\/wp-content\/uploads\/2022\/07\/Portadas-2-23.png\",\"keywords\":[\"Infograf\u00eda\",\"navidades\"],\"articleSection\":[\"Formaci\u00f3n PDV\",\"Gesti\u00f3n del PDV\",\"Redes Comerciales\",\"Visibilidad\"],\"inLanguage\":\"ca\"},{\"@type\":\"WebPage\",\"@id\":\"https:\/\/primer-impacto.com\/como-el-consumidor-percibe-estas-navidades\/\",\"url\":\"https:\/\/primer-impacto.com\/como-el-consumidor-percibe-estas-navidades\/\",\"name\":\"Percepci\u00f3n de las navidades en Espa\u00f1a - Primer impacto\",\"isPartOf\":{\"@id\":\"https:\/\/primer-impacto.com\/#website\"},\"primaryImageOfPage\":{\"@id\":\"https:\/\/primer-impacto.com\/como-el-consumidor-percibe-estas-navidades\/#primaryimage\"},\"image\":{\"@id\":\"https:\/\/primer-impacto.com\/como-el-consumidor-percibe-estas-navidades\/#primaryimage\"},\"thumbnailUrl\":\"https:\/\/primer-impacto.com\/wp-content\/uploads\/2022\/07\/Portadas-2-23.png\",\"datePublished\":\"2022-12-09T13:12:52+00:00\",\"dateModified\":\"2023-05-30T09:56:11+00:00\",\"description\":\"Ante la realidad socioecon\u00f3mica en Espa\u00f1a, este a\u00f1o las compras navide\u00f1as est\u00e1n siendo mucho m\u00e1s planificadas.\u00a0Desc\u00fabrelo en esta infograf\u00eda\",\"breadcrumb\":{\"@id\":\"https:\/\/primer-impacto.com\/como-el-consumidor-percibe-estas-navidades\/#breadcrumb\"},\"inLanguage\":\"ca\",\"potentialAction\":[{\"@type\":\"ReadAction\",\"target\":[\"https:\/\/primer-impacto.com\/como-el-consumidor-percibe-estas-navidades\/\"]}]},{\"@type\":\"ImageObject\",\"inLanguage\":\"ca\",\"@id\":\"https:\/\/primer-impacto.com\/como-el-consumidor-percibe-estas-navidades\/#primaryimage\",\"url\":\"https:\/\/primer-impacto.com\/wp-content\/uploads\/2022\/07\/Portadas-2-23.png\",\"contentUrl\":\"https:\/\/primer-impacto.com\/wp-content\/uploads\/2022\/07\/Portadas-2-23.png\",\"width\":800,\"height\":600,\"caption\":\"Millennials y gen z\"},{\"@type\":\"BreadcrumbList\",\"@id\":\"https:\/\/primer-impacto.com\/como-el-consumidor-percibe-estas-navidades\/#breadcrumb\",\"itemListElement\":[{\"@type\":\"ListItem\",\"position\":1,\"name\":\"Portada\",\"item\":\"https:\/\/primer-impacto.com\/\"},{\"@type\":\"ListItem\",\"position\":2,\"name\":\"\u00bfC\u00f3mo el consumidor percibe estas navidades en Espa\u00f1a?\"}]},{\"@type\":\"WebSite\",\"@id\":\"https:\/\/primer-impacto.com\/#website\",\"url\":\"https:\/\/primer-impacto.com\/\",\"name\":\"Primer impacto\",\"description\":\"Especialistas en servicios en el Punto de Venta\",\"publisher\":{\"@id\":\"https:\/\/primer-impacto.com\/#organization\"},\"potentialAction\":[{\"@type\":\"SearchAction\",\"target\":{\"@type\":\"EntryPoint\",\"urlTemplate\":\"https:\/\/primer-impacto.com\/?s={search_term_string}\"},\"query-input\":\"required name=search_term_string\"}],\"inLanguage\":\"ca\"},{\"@type\":\"Organization\",\"@id\":\"https:\/\/primer-impacto.com\/#organization\",\"name\":\"Primer Impacto\",\"url\":\"https:\/\/primer-impacto.com\/\",\"logo\":{\"@type\":\"ImageObject\",\"inLanguage\":\"ca\",\"@id\":\"https:\/\/primer-impacto.com\/#\/schema\/logo\/image\/\",\"url\":\"https:\/\/primer-impacto.com\/wp-content\/uploads\/2022\/07\/logo_pi.png\",\"contentUrl\":\"https:\/\/primer-impacto.com\/wp-content\/uploads\/2022\/07\/logo_pi.png\",\"width\":377,\"height\":377,\"caption\":\"Primer Impacto\"},\"image\":{\"@id\":\"https:\/\/primer-impacto.com\/#\/schema\/logo\/image\/\"}},{\"@type\":\"Person\",\"@id\":\"https:\/\/primer-impacto.com\/#\/schema\/person\/852b6479b0f9c213af66f74267019d5f\",\"name\":\"pmuro\",\"image\":{\"@type\":\"ImageObject\",\"inLanguage\":\"ca\",\"@id\":\"https:\/\/primer-impacto.com\/#\/schema\/person\/image\/\",\"url\":\"https:\/\/secure.gravatar.com\/avatar\/bc82fe487f734aa3e8deb2885456d1c8e108cff0d3d3f9310ca738cfad191490?s=96&d=mm&r=g\",\"contentUrl\":\"https:\/\/secure.gravatar.com\/avatar\/bc82fe487f734aa3e8deb2885456d1c8e108cff0d3d3f9310ca738cfad191490?s=96&d=mm&r=g\",\"caption\":\"pmuro\"}}]}<\/script>\n<!-- \/ Yoast SEO plugin. -->","yoast_head_json":{"title":"Percepci\u00f3n de las navidades en Espa\u00f1a - Primer impacto","description":"Ante la realidad socioecon\u00f3mica en Espa\u00f1a, este a\u00f1o las compras navide\u00f1as est\u00e1n siendo mucho m\u00e1s planificadas.\u00a0Desc\u00fabrelo en esta infograf\u00eda","robots":{"index":"index","follow":"follow","max-snippet":"max-snippet:-1","max-image-preview":"max-image-preview:large","max-video-preview":"max-video-preview:-1"},"canonical":"https:\/\/primer-impacto.com\/cat\/como-el-consumidor-percibe-estas-navidades\/","og_locale":"ca_ES","og_type":"article","og_title":"Percepci\u00f3n de las navidades en Espa\u00f1a - Primer impacto","og_description":"Ante la realidad socioecon\u00f3mica en Espa\u00f1a, este a\u00f1o las compras navide\u00f1as est\u00e1n siendo mucho m\u00e1s planificadas.\u00a0Desc\u00fabrelo en esta infograf\u00eda","og_url":"https:\/\/primer-impacto.com\/cat\/como-el-consumidor-percibe-estas-navidades\/","og_site_name":"Primer impacto","article_published_time":"2022-12-09T13:12:52+00:00","article_modified_time":"2023-05-30T09:56:11+00:00","og_image":[{"width":800,"height":600,"url":"https:\/\/primer-impacto.com\/wp-content\/uploads\/2022\/07\/Portadas-2-23.png","type":"image\/png"}],"author":"pmuro","twitter_card":"summary_large_image","twitter_misc":{"Escrit per":"pmuro","Temps estimat de lectura":"1 minut"},"schema":{"@context":"https:\/\/schema.org","@graph":[{"@type":"Article","@id":"https:\/\/primer-impacto.com\/como-el-consumidor-percibe-estas-navidades\/#article","isPartOf":{"@id":"https:\/\/primer-impacto.com\/como-el-consumidor-percibe-estas-navidades\/"},"author":{"name":"pmuro","@id":"https:\/\/primer-impacto.com\/#\/schema\/person\/852b6479b0f9c213af66f74267019d5f"},"headline":"\u00bfC\u00f3mo el consumidor percibe estas navidades en Espa\u00f1a?","datePublished":"2022-12-09T13:12:52+00:00","dateModified":"2023-05-30T09:56:11+00:00","mainEntityOfPage":{"@id":"https:\/\/primer-impacto.com\/como-el-consumidor-percibe-estas-navidades\/"},"wordCount":152,"publisher":{"@id":"https:\/\/primer-impacto.com\/#organization"},"image":{"@id":"https:\/\/primer-impacto.com\/como-el-consumidor-percibe-estas-navidades\/#primaryimage"},"thumbnailUrl":"https:\/\/primer-impacto.com\/wp-content\/uploads\/2022\/07\/Portadas-2-23.png","keywords":["Infograf\u00eda","navidades"],"articleSection":["Formaci\u00f3n PDV","Gesti\u00f3n del PDV","Redes Comerciales","Visibilidad"],"inLanguage":"ca"},{"@type":"WebPage","@id":"https:\/\/primer-impacto.com\/como-el-consumidor-percibe-estas-navidades\/","url":"https:\/\/primer-impacto.com\/como-el-consumidor-percibe-estas-navidades\/","name":"Percepci\u00f3n de las navidades en Espa\u00f1a - Primer impacto","isPartOf":{"@id":"https:\/\/primer-impacto.com\/#website"},"primaryImageOfPage":{"@id":"https:\/\/primer-impacto.com\/como-el-consumidor-percibe-estas-navidades\/#primaryimage"},"image":{"@id":"https:\/\/primer-impacto.com\/como-el-consumidor-percibe-estas-navidades\/#primaryimage"},"thumbnailUrl":"https:\/\/primer-impacto.com\/wp-content\/uploads\/2022\/07\/Portadas-2-23.png","datePublished":"2022-12-09T13:12:52+00:00","dateModified":"2023-05-30T09:56:11+00:00","description":"Ante la realidad socioecon\u00f3mica en Espa\u00f1a, este a\u00f1o las compras navide\u00f1as est\u00e1n siendo mucho m\u00e1s planificadas.\u00a0Desc\u00fabrelo en esta infograf\u00eda","breadcrumb":{"@id":"https:\/\/primer-impacto.com\/como-el-consumidor-percibe-estas-navidades\/#breadcrumb"},"inLanguage":"ca","potentialAction":[{"@type":"ReadAction","target":["https:\/\/primer-impacto.com\/como-el-consumidor-percibe-estas-navidades\/"]}]},{"@type":"ImageObject","inLanguage":"ca","@id":"https:\/\/primer-impacto.com\/como-el-consumidor-percibe-estas-navidades\/#primaryimage","url":"https:\/\/primer-impacto.com\/wp-content\/uploads\/2022\/07\/Portadas-2-23.png","contentUrl":"https:\/\/primer-impacto.com\/wp-content\/uploads\/2022\/07\/Portadas-2-23.png","width":800,"height":600,"caption":"Millennials y gen z"},{"@type":"BreadcrumbList","@id":"https:\/\/primer-impacto.com\/como-el-consumidor-percibe-estas-navidades\/#breadcrumb","itemListElement":[{"@type":"ListItem","position":1,"name":"Portada","item":"https:\/\/primer-impacto.com\/"},{"@type":"ListItem","position":2,"name":"\u00bfC\u00f3mo el consumidor percibe estas navidades en Espa\u00f1a?"}]},{"@type":"WebSite","@id":"https:\/\/primer-impacto.com\/#website","url":"https:\/\/primer-impacto.com\/","name":"Primer impacto","description":"Especialistas en servicios en el Punto de Venta","publisher":{"@id":"https:\/\/primer-impacto.com\/#organization"},"potentialAction":[{"@type":"SearchAction","target":{"@type":"EntryPoint","urlTemplate":"https:\/\/primer-impacto.com\/?s={search_term_string}"},"query-input":"required name=search_term_string"}],"inLanguage":"ca"},{"@type":"Organization","@id":"https:\/\/primer-impacto.com\/#organization","name":"Primer Impacto","url":"https:\/\/primer-impacto.com\/","logo":{"@type":"ImageObject","inLanguage":"ca","@id":"https:\/\/primer-impacto.com\/#\/schema\/logo\/image\/","url":"https:\/\/primer-impacto.com\/wp-content\/uploads\/2022\/07\/logo_pi.png","contentUrl":"https:\/\/primer-impacto.com\/wp-content\/uploads\/2022\/07\/logo_pi.png","width":377,"height":377,"caption":"Primer Impacto"},"image":{"@id":"https:\/\/primer-impacto.com\/#\/schema\/logo\/image\/"}},{"@type":"Person","@id":"https:\/\/primer-impacto.com\/#\/schema\/person\/852b6479b0f9c213af66f74267019d5f","name":"pmuro","image":{"@type":"ImageObject","inLanguage":"ca","@id":"https:\/\/primer-impacto.com\/#\/schema\/person\/image\/","url":"https:\/\/secure.gravatar.com\/avatar\/bc82fe487f734aa3e8deb2885456d1c8e108cff0d3d3f9310ca738cfad191490?s=96&d=mm&r=g","contentUrl":"https:\/\/secure.gravatar.com\/avatar\/bc82fe487f734aa3e8deb2885456d1c8e108cff0d3d3f9310ca738cfad191490?s=96&d=mm&r=g","caption":"pmuro"}}]}},"_links":{"self":[{"href":"https:\/\/primer-impacto.com\/cat\/wp-json\/wp\/v2\/posts\/5417","targetHints":{"allow":["GET"]}}],"collection":[{"href":"https:\/\/primer-impacto.com\/cat\/wp-json\/wp\/v2\/posts"}],"about":[{"href":"https:\/\/primer-impacto.com\/cat\/wp-json\/wp\/v2\/types\/post"}],"author":[{"embeddable":true,"href":"https:\/\/primer-impacto.com\/cat\/wp-json\/wp\/v2\/users\/2"}],"replies":[{"embeddable":true,"href":"https:\/\/primer-impacto.com\/cat\/wp-json\/wp\/v2\/comments?post=5417"}],"version-history":[{"count":3,"href":"https:\/\/primer-impacto.com\/cat\/wp-json\/wp\/v2\/posts\/5417\/revisions"}],"predecessor-version":[{"id":6080,"href":"https:\/\/primer-impacto.com\/cat\/wp-json\/wp\/v2\/posts\/5417\/revisions\/6080"}],"wp:featuredmedia":[{"embeddable":true,"href":"https:\/\/primer-impacto.com\/cat\/wp-json\/wp\/v2\/media\/4193"}],"wp:attachment":[{"href":"https:\/\/primer-impacto.com\/cat\/wp-json\/wp\/v2\/media?parent=5417"}],"wp:term":[{"taxonomy":"category","embeddable":true,"href":"https:\/\/primer-impacto.com\/cat\/wp-json\/wp\/v2\/categories?post=5417"},{"taxonomy":"post_tag","embeddable":true,"href":"https:\/\/primer-impacto.com\/cat\/wp-json\/wp\/v2\/tags?post=5417"}],"curies":[{"name":"wp","href":"https:\/\/api.w.org\/{rel}","templated":true}]}}