{"id":3581,"date":"2022-07-17T05:13:54","date_gmt":"2022-07-17T05:13:54","guid":{"rendered":"https:\/\/primer-impacto.com\/?p=3581"},"modified":"2024-06-04T13:16:08","modified_gmt":"2024-06-04T13:16:08","slug":"san-valentin-y-sus-tendencias-de-compras","status":"publish","type":"post","link":"https:\/\/primer-impacto.com\/cat\/san-valentin-y-sus-tendencias-de-compras\/","title":{"rendered":"San Valent\u00edn y sus tendencias de compras"},"content":{"rendered":"<p>Se acerca el d\u00eda m\u00e1s rom\u00e1ntico del a\u00f1o y al parecer este a\u00f1o no pasar\u00e1 desapercibido para los espa\u00f1oles. As\u00ed lo indica un informe de Qapla, donde el 67% de los encuestados ha reconocido celebrar esta fiesta ?<\/p>\n\n\n\n<p><\/p>\n\n\n\n<p>Pero, \u00bfcu\u00e1les ser\u00e1n los productos m\u00e1s elegidos para este d\u00eda? \u00bfD\u00f3nde comprar\u00e1n los regalos los consumidores?<\/p>\n\n\n\n<p><\/p>\n\n\n\n<p>Aqu\u00ed te contamos cu\u00e1les son las principales tendencias de consumo en esta fecha tan especial. <\/p>\n\n\n\n<figure class=\"wp-block-image size-large\"><img fetchpriority=\"high\" decoding=\"async\" width=\"802\" height=\"1024\" src=\"https:\/\/primer-impacto.com\/wp-content\/uploads\/2022\/07\/Infografia-PI-2-1-802x1024.png\" alt=\"\" class=\"wp-image-3582\" srcset=\"https:\/\/primer-impacto.com\/wp-content\/uploads\/2022\/07\/Infografia-PI-2-1-802x1024.png 802w, https:\/\/primer-impacto.com\/wp-content\/uploads\/2022\/07\/Infografia-PI-2-1-235x300.png 235w, https:\/\/primer-impacto.com\/wp-content\/uploads\/2022\/07\/Infografia-PI-2-1-768x980.png 768w, https:\/\/primer-impacto.com\/wp-content\/uploads\/2022\/07\/Infografia-PI-2-1-1204x1536.png 1204w, https:\/\/primer-impacto.com\/wp-content\/uploads\/2022\/07\/Infografia-PI-2-1-1605x2048.png 1605w, https:\/\/primer-impacto.com\/wp-content\/uploads\/2022\/07\/Infografia-PI-2-1.png 1662w\" sizes=\"(max-width: 802px) 100vw, 802px\" \/><\/figure>\n\n\n\n<h4 class=\"wp-block-heading\">#diadelosenamorados #primerimpacto #puntodeventa<\/h4>","protected":false},"excerpt":{"rendered":"<p>Se acerca el d\u00eda m\u00e1s rom\u00e1ntico del a\u00f1o y al parecer este a\u00f1o no pasar\u00e1 desapercibido para los espa\u00f1oles. As\u00ed lo indica un informe de Qapla, donde el 67% de los encuestados ha reconocido celebrar esta fiesta ? Pero, \u00bfcu\u00e1les ser\u00e1n los productos m\u00e1s elegidos para este d\u00eda? \u00bfD\u00f3nde comprar\u00e1n los regalos los consumidores? Aqu\u00ed [&hellip;]<\/p>","protected":false},"author":2,"featured_media":4147,"comment_status":"closed","ping_status":"open","sticky":false,"template":"","format":"standard","meta":{"inline_featured_image":false,"footnotes":""},"categories":[258,256],"tags":[255],"class_list":["post-3581","post","type-post","status-publish","format-standard","has-post-thumbnail","hentry","category-gestion-de-pdv","category-visibilidad","tag-infografia"],"yoast_head":"<!-- This site is optimized with the Yoast SEO plugin v22.9 - https:\/\/yoast.com\/wordpress\/plugins\/seo\/ -->\n<title>San Valent\u00edn y sus tendencias de compras - Primer impacto<\/title>\n<meta name=\"description\" content=\"Descubre las tendencias de San Valent\u00edn en Espa\u00f1a: productos m\u00e1s elegidos y lugares de compra. \u00a1No te lo pierdas!\" \/>\n<meta name=\"robots\" content=\"index, follow, max-snippet:-1, max-image-preview:large, max-video-preview:-1\" \/>\n<link rel=\"canonical\" href=\"https:\/\/primer-impacto.com\/cat\/san-valentin-y-sus-tendencias-de-compras\/\" \/>\n<meta property=\"og:locale\" content=\"ca_ES\" \/>\n<meta property=\"og:type\" content=\"article\" \/>\n<meta property=\"og:title\" content=\"San Valent\u00edn y sus tendencias de compras - Primer impacto\" \/>\n<meta property=\"og:description\" content=\"Descubre las tendencias de San Valent\u00edn en Espa\u00f1a: productos m\u00e1s elegidos y lugares de compra. \u00a1No te lo pierdas!\" \/>\n<meta property=\"og:url\" content=\"https:\/\/primer-impacto.com\/cat\/san-valentin-y-sus-tendencias-de-compras\/\" \/>\n<meta property=\"og:site_name\" content=\"Primer impacto\" \/>\n<meta property=\"article:published_time\" content=\"2022-07-17T05:13:54+00:00\" \/>\n<meta property=\"article:modified_time\" content=\"2024-06-04T13:16:08+00:00\" \/>\n<meta property=\"og:image\" content=\"https:\/\/primer-impacto.com\/wp-content\/uploads\/2022\/07\/Portadas-2-37.png\" \/>\n\t<meta property=\"og:image:width\" content=\"800\" \/>\n\t<meta property=\"og:image:height\" content=\"600\" \/>\n\t<meta property=\"og:image:type\" content=\"image\/png\" \/>\n<meta name=\"author\" content=\"pmuro\" \/>\n<meta name=\"twitter:card\" content=\"summary_large_image\" \/>\n<meta name=\"twitter:label1\" content=\"Escrit per\" \/>\n\t<meta name=\"twitter:data1\" content=\"pmuro\" \/>\n\t<meta name=\"twitter:label2\" content=\"Temps estimat de lectura\" \/>\n\t<meta name=\"twitter:data2\" content=\"1 minut\" \/>\n<script type=\"application\/ld+json\" class=\"yoast-schema-graph\">{\"@context\":\"https:\/\/schema.org\",\"@graph\":[{\"@type\":\"Article\",\"@id\":\"https:\/\/primer-impacto.com\/san-valentin-y-sus-tendencias-de-compras\/#article\",\"isPartOf\":{\"@id\":\"https:\/\/primer-impacto.com\/san-valentin-y-sus-tendencias-de-compras\/\"},\"author\":{\"name\":\"pmuro\",\"@id\":\"https:\/\/primer-impacto.com\/#\/schema\/person\/852b6479b0f9c213af66f74267019d5f\"},\"headline\":\"San Valent\u00edn y sus tendencias de compras\",\"datePublished\":\"2022-07-17T05:13:54+00:00\",\"dateModified\":\"2024-06-04T13:16:08+00:00\",\"mainEntityOfPage\":{\"@id\":\"https:\/\/primer-impacto.com\/san-valentin-y-sus-tendencias-de-compras\/\"},\"wordCount\":91,\"publisher\":{\"@id\":\"https:\/\/primer-impacto.com\/#organization\"},\"image\":{\"@id\":\"https:\/\/primer-impacto.com\/san-valentin-y-sus-tendencias-de-compras\/#primaryimage\"},\"thumbnailUrl\":\"https:\/\/primer-impacto.com\/wp-content\/uploads\/2022\/07\/Portadas-2-37.png\",\"keywords\":[\"Infograf\u00eda\"],\"articleSection\":[\"Gesti\u00f3n del PDV\",\"Visibilidad\"],\"inLanguage\":\"ca\"},{\"@type\":\"WebPage\",\"@id\":\"https:\/\/primer-impacto.com\/san-valentin-y-sus-tendencias-de-compras\/\",\"url\":\"https:\/\/primer-impacto.com\/san-valentin-y-sus-tendencias-de-compras\/\",\"name\":\"San Valent\u00edn y sus tendencias de compras - Primer impacto\",\"isPartOf\":{\"@id\":\"https:\/\/primer-impacto.com\/#website\"},\"primaryImageOfPage\":{\"@id\":\"https:\/\/primer-impacto.com\/san-valentin-y-sus-tendencias-de-compras\/#primaryimage\"},\"image\":{\"@id\":\"https:\/\/primer-impacto.com\/san-valentin-y-sus-tendencias-de-compras\/#primaryimage\"},\"thumbnailUrl\":\"https:\/\/primer-impacto.com\/wp-content\/uploads\/2022\/07\/Portadas-2-37.png\",\"datePublished\":\"2022-07-17T05:13:54+00:00\",\"dateModified\":\"2024-06-04T13:16:08+00:00\",\"description\":\"Descubre las tendencias de San Valent\u00edn en Espa\u00f1a: productos m\u00e1s elegidos y lugares de compra. \u00a1No te lo pierdas!\",\"breadcrumb\":{\"@id\":\"https:\/\/primer-impacto.com\/san-valentin-y-sus-tendencias-de-compras\/#breadcrumb\"},\"inLanguage\":\"ca\",\"potentialAction\":[{\"@type\":\"ReadAction\",\"target\":[\"https:\/\/primer-impacto.com\/san-valentin-y-sus-tendencias-de-compras\/\"]}]},{\"@type\":\"ImageObject\",\"inLanguage\":\"ca\",\"@id\":\"https:\/\/primer-impacto.com\/san-valentin-y-sus-tendencias-de-compras\/#primaryimage\",\"url\":\"https:\/\/primer-impacto.com\/wp-content\/uploads\/2022\/07\/Portadas-2-37.png\",\"contentUrl\":\"https:\/\/primer-impacto.com\/wp-content\/uploads\/2022\/07\/Portadas-2-37.png\",\"width\":800,\"height\":600},{\"@type\":\"BreadcrumbList\",\"@id\":\"https:\/\/primer-impacto.com\/san-valentin-y-sus-tendencias-de-compras\/#breadcrumb\",\"itemListElement\":[{\"@type\":\"ListItem\",\"position\":1,\"name\":\"Portada\",\"item\":\"https:\/\/primer-impacto.com\/\"},{\"@type\":\"ListItem\",\"position\":2,\"name\":\"San Valent\u00edn y sus tendencias de compras\"}]},{\"@type\":\"WebSite\",\"@id\":\"https:\/\/primer-impacto.com\/#website\",\"url\":\"https:\/\/primer-impacto.com\/\",\"name\":\"Primer impacto\",\"description\":\"Especialistas en servicios en el Punto de Venta\",\"publisher\":{\"@id\":\"https:\/\/primer-impacto.com\/#organization\"},\"potentialAction\":[{\"@type\":\"SearchAction\",\"target\":{\"@type\":\"EntryPoint\",\"urlTemplate\":\"https:\/\/primer-impacto.com\/?s={search_term_string}\"},\"query-input\":\"required name=search_term_string\"}],\"inLanguage\":\"ca\"},{\"@type\":\"Organization\",\"@id\":\"https:\/\/primer-impacto.com\/#organization\",\"name\":\"Primer Impacto\",\"url\":\"https:\/\/primer-impacto.com\/\",\"logo\":{\"@type\":\"ImageObject\",\"inLanguage\":\"ca\",\"@id\":\"https:\/\/primer-impacto.com\/#\/schema\/logo\/image\/\",\"url\":\"https:\/\/primer-impacto.com\/wp-content\/uploads\/2022\/07\/logo_pi.png\",\"contentUrl\":\"https:\/\/primer-impacto.com\/wp-content\/uploads\/2022\/07\/logo_pi.png\",\"width\":377,\"height\":377,\"caption\":\"Primer Impacto\"},\"image\":{\"@id\":\"https:\/\/primer-impacto.com\/#\/schema\/logo\/image\/\"}},{\"@type\":\"Person\",\"@id\":\"https:\/\/primer-impacto.com\/#\/schema\/person\/852b6479b0f9c213af66f74267019d5f\",\"name\":\"pmuro\",\"image\":{\"@type\":\"ImageObject\",\"inLanguage\":\"ca\",\"@id\":\"https:\/\/primer-impacto.com\/#\/schema\/person\/image\/\",\"url\":\"https:\/\/secure.gravatar.com\/avatar\/bc82fe487f734aa3e8deb2885456d1c8e108cff0d3d3f9310ca738cfad191490?s=96&d=mm&r=g\",\"contentUrl\":\"https:\/\/secure.gravatar.com\/avatar\/bc82fe487f734aa3e8deb2885456d1c8e108cff0d3d3f9310ca738cfad191490?s=96&d=mm&r=g\",\"caption\":\"pmuro\"}}]}<\/script>\n<!-- \/ Yoast SEO plugin. -->","yoast_head_json":{"title":"San Valent\u00edn y sus tendencias de compras - Primer impacto","description":"Descubre las tendencias de San Valent\u00edn en Espa\u00f1a: productos m\u00e1s elegidos y lugares de compra. \u00a1No te lo pierdas!","robots":{"index":"index","follow":"follow","max-snippet":"max-snippet:-1","max-image-preview":"max-image-preview:large","max-video-preview":"max-video-preview:-1"},"canonical":"https:\/\/primer-impacto.com\/cat\/san-valentin-y-sus-tendencias-de-compras\/","og_locale":"ca_ES","og_type":"article","og_title":"San Valent\u00edn y sus tendencias de compras - Primer impacto","og_description":"Descubre las tendencias de San Valent\u00edn en Espa\u00f1a: productos m\u00e1s elegidos y lugares de compra. \u00a1No te lo pierdas!","og_url":"https:\/\/primer-impacto.com\/cat\/san-valentin-y-sus-tendencias-de-compras\/","og_site_name":"Primer impacto","article_published_time":"2022-07-17T05:13:54+00:00","article_modified_time":"2024-06-04T13:16:08+00:00","og_image":[{"width":800,"height":600,"url":"https:\/\/primer-impacto.com\/wp-content\/uploads\/2022\/07\/Portadas-2-37.png","type":"image\/png"}],"author":"pmuro","twitter_card":"summary_large_image","twitter_misc":{"Escrit per":"pmuro","Temps estimat de lectura":"1 minut"},"schema":{"@context":"https:\/\/schema.org","@graph":[{"@type":"Article","@id":"https:\/\/primer-impacto.com\/san-valentin-y-sus-tendencias-de-compras\/#article","isPartOf":{"@id":"https:\/\/primer-impacto.com\/san-valentin-y-sus-tendencias-de-compras\/"},"author":{"name":"pmuro","@id":"https:\/\/primer-impacto.com\/#\/schema\/person\/852b6479b0f9c213af66f74267019d5f"},"headline":"San Valent\u00edn y sus tendencias de compras","datePublished":"2022-07-17T05:13:54+00:00","dateModified":"2024-06-04T13:16:08+00:00","mainEntityOfPage":{"@id":"https:\/\/primer-impacto.com\/san-valentin-y-sus-tendencias-de-compras\/"},"wordCount":91,"publisher":{"@id":"https:\/\/primer-impacto.com\/#organization"},"image":{"@id":"https:\/\/primer-impacto.com\/san-valentin-y-sus-tendencias-de-compras\/#primaryimage"},"thumbnailUrl":"https:\/\/primer-impacto.com\/wp-content\/uploads\/2022\/07\/Portadas-2-37.png","keywords":["Infograf\u00eda"],"articleSection":["Gesti\u00f3n del PDV","Visibilidad"],"inLanguage":"ca"},{"@type":"WebPage","@id":"https:\/\/primer-impacto.com\/san-valentin-y-sus-tendencias-de-compras\/","url":"https:\/\/primer-impacto.com\/san-valentin-y-sus-tendencias-de-compras\/","name":"San Valent\u00edn y sus tendencias de compras - Primer impacto","isPartOf":{"@id":"https:\/\/primer-impacto.com\/#website"},"primaryImageOfPage":{"@id":"https:\/\/primer-impacto.com\/san-valentin-y-sus-tendencias-de-compras\/#primaryimage"},"image":{"@id":"https:\/\/primer-impacto.com\/san-valentin-y-sus-tendencias-de-compras\/#primaryimage"},"thumbnailUrl":"https:\/\/primer-impacto.com\/wp-content\/uploads\/2022\/07\/Portadas-2-37.png","datePublished":"2022-07-17T05:13:54+00:00","dateModified":"2024-06-04T13:16:08+00:00","description":"Descubre las tendencias de San Valent\u00edn en Espa\u00f1a: productos m\u00e1s elegidos y lugares de compra. \u00a1No te lo pierdas!","breadcrumb":{"@id":"https:\/\/primer-impacto.com\/san-valentin-y-sus-tendencias-de-compras\/#breadcrumb"},"inLanguage":"ca","potentialAction":[{"@type":"ReadAction","target":["https:\/\/primer-impacto.com\/san-valentin-y-sus-tendencias-de-compras\/"]}]},{"@type":"ImageObject","inLanguage":"ca","@id":"https:\/\/primer-impacto.com\/san-valentin-y-sus-tendencias-de-compras\/#primaryimage","url":"https:\/\/primer-impacto.com\/wp-content\/uploads\/2022\/07\/Portadas-2-37.png","contentUrl":"https:\/\/primer-impacto.com\/wp-content\/uploads\/2022\/07\/Portadas-2-37.png","width":800,"height":600},{"@type":"BreadcrumbList","@id":"https:\/\/primer-impacto.com\/san-valentin-y-sus-tendencias-de-compras\/#breadcrumb","itemListElement":[{"@type":"ListItem","position":1,"name":"Portada","item":"https:\/\/primer-impacto.com\/"},{"@type":"ListItem","position":2,"name":"San Valent\u00edn y sus tendencias de compras"}]},{"@type":"WebSite","@id":"https:\/\/primer-impacto.com\/#website","url":"https:\/\/primer-impacto.com\/","name":"Primer impacto","description":"Especialistas en servicios en el Punto de Venta","publisher":{"@id":"https:\/\/primer-impacto.com\/#organization"},"potentialAction":[{"@type":"SearchAction","target":{"@type":"EntryPoint","urlTemplate":"https:\/\/primer-impacto.com\/?s={search_term_string}"},"query-input":"required name=search_term_string"}],"inLanguage":"ca"},{"@type":"Organization","@id":"https:\/\/primer-impacto.com\/#organization","name":"Primer Impacto","url":"https:\/\/primer-impacto.com\/","logo":{"@type":"ImageObject","inLanguage":"ca","@id":"https:\/\/primer-impacto.com\/#\/schema\/logo\/image\/","url":"https:\/\/primer-impacto.com\/wp-content\/uploads\/2022\/07\/logo_pi.png","contentUrl":"https:\/\/primer-impacto.com\/wp-content\/uploads\/2022\/07\/logo_pi.png","width":377,"height":377,"caption":"Primer Impacto"},"image":{"@id":"https:\/\/primer-impacto.com\/#\/schema\/logo\/image\/"}},{"@type":"Person","@id":"https:\/\/primer-impacto.com\/#\/schema\/person\/852b6479b0f9c213af66f74267019d5f","name":"pmuro","image":{"@type":"ImageObject","inLanguage":"ca","@id":"https:\/\/primer-impacto.com\/#\/schema\/person\/image\/","url":"https:\/\/secure.gravatar.com\/avatar\/bc82fe487f734aa3e8deb2885456d1c8e108cff0d3d3f9310ca738cfad191490?s=96&d=mm&r=g","contentUrl":"https:\/\/secure.gravatar.com\/avatar\/bc82fe487f734aa3e8deb2885456d1c8e108cff0d3d3f9310ca738cfad191490?s=96&d=mm&r=g","caption":"pmuro"}}]}},"_links":{"self":[{"href":"https:\/\/primer-impacto.com\/cat\/wp-json\/wp\/v2\/posts\/3581","targetHints":{"allow":["GET"]}}],"collection":[{"href":"https:\/\/primer-impacto.com\/cat\/wp-json\/wp\/v2\/posts"}],"about":[{"href":"https:\/\/primer-impacto.com\/cat\/wp-json\/wp\/v2\/types\/post"}],"author":[{"embeddable":true,"href":"https:\/\/primer-impacto.com\/cat\/wp-json\/wp\/v2\/users\/2"}],"replies":[{"embeddable":true,"href":"https:\/\/primer-impacto.com\/cat\/wp-json\/wp\/v2\/comments?post=3581"}],"version-history":[{"count":3,"href":"https:\/\/primer-impacto.com\/cat\/wp-json\/wp\/v2\/posts\/3581\/revisions"}],"predecessor-version":[{"id":5630,"href":"https:\/\/primer-impacto.com\/cat\/wp-json\/wp\/v2\/posts\/3581\/revisions\/5630"}],"wp:featuredmedia":[{"embeddable":true,"href":"https:\/\/primer-impacto.com\/cat\/wp-json\/wp\/v2\/media\/4147"}],"wp:attachment":[{"href":"https:\/\/primer-impacto.com\/cat\/wp-json\/wp\/v2\/media?parent=3581"}],"wp:term":[{"taxonomy":"category","embeddable":true,"href":"https:\/\/primer-impacto.com\/cat\/wp-json\/wp\/v2\/categories?post=3581"},{"taxonomy":"post_tag","embeddable":true,"href":"https:\/\/primer-impacto.com\/cat\/wp-json\/wp\/v2\/tags?post=3581"}],"curies":[{"name":"wp","href":"https:\/\/api.w.org\/{rel}","templated":true}]}}