{"id":3575,"date":"2022-07-17T05:10:07","date_gmt":"2022-07-17T05:10:07","guid":{"rendered":"https:\/\/primer-impacto.com\/?p=3575"},"modified":"2024-06-04T13:14:38","modified_gmt":"2024-06-04T13:14:38","slug":"tendencias-para-la-rutina-de-belleza","status":"publish","type":"post","link":"https:\/\/primer-impacto.com\/cat\/tendencias-para-la-rutina-de-belleza\/","title":{"rendered":"Tendencias para la rutina de belleza"},"content":{"rendered":"<p>El nuevo #consumidor de productos de belleza en Espa\u00f1a apuesta por productos que compartan sus mismos valores en conceptos de salud, \u00e9tica y medio ambiente.<\/p>\n\n\n\n<p><\/p>\n\n\n\n<p>? Seg\u00fan un estudio realizado por Klarna, entre m\u00e1s de 1.000 mujeres espa\u00f1olas, sobre las nuevas tendencias de consumo en el sector de la belleza, ha revelado que la sostenibilidad y el cuidado personal se han convertido en factores clave en la compra de productos de belleza.<\/p>\n\n\n\n<p><\/p>\n\n\n\n<p>\u00bfQuieres saber m\u00e1s? Te lo contamos todo en esta infograf\u00eda. <\/p>\n\n\n\n<figure class=\"wp-block-image size-full\"><img fetchpriority=\"high\" decoding=\"async\" width=\"554\" height=\"707\" src=\"https:\/\/primer-impacto.com\/wp-content\/uploads\/2022\/07\/Infografia-PI-2.png\" alt=\"\" class=\"wp-image-3576\" srcset=\"https:\/\/primer-impacto.com\/wp-content\/uploads\/2022\/07\/Infografia-PI-2.png 554w, https:\/\/primer-impacto.com\/wp-content\/uploads\/2022\/07\/Infografia-PI-2-235x300.png 235w\" sizes=\"(max-width: 554px) 100vw, 554px\" \/><\/figure>\n\n\n\n<h4 class=\"wp-block-heading\">#pi #primerimpacto #pdv<\/h4>","protected":false},"excerpt":{"rendered":"<p>El nuevo #consumidor de productos de belleza en Espa\u00f1a apuesta por productos que compartan sus mismos valores en conceptos de salud, \u00e9tica y medio ambiente. ? Seg\u00fan un estudio realizado por Klarna, entre m\u00e1s de 1.000 mujeres espa\u00f1olas, sobre las nuevas tendencias de consumo en el sector de la belleza, ha revelado que la sostenibilidad [&hellip;]<\/p>","protected":false},"author":2,"featured_media":4149,"comment_status":"closed","ping_status":"open","sticky":false,"template":"","format":"standard","meta":{"inline_featured_image":false,"footnotes":""},"categories":[259,258,260],"tags":[255],"class_list":["post-3575","post","type-post","status-publish","format-standard","has-post-thumbnail","hentry","category-formacion-pdv","category-gestion-de-pdv","category-redes-comerciales","tag-infografia"],"yoast_head":"<!-- This site is optimized with the Yoast SEO plugin v22.9 - https:\/\/yoast.com\/wordpress\/plugins\/seo\/ -->\n<title>Tendencias para la rutina de belleza - Primer impacto<\/title>\n<meta name=\"description\" content=\"Descubre c\u00f3mo la sostenibilidad y el cuidado personal influyen en las compras de belleza en Espa\u00f1a. \u00a1Infograf\u00eda imperdible!\" \/>\n<meta name=\"robots\" content=\"index, follow, max-snippet:-1, max-image-preview:large, max-video-preview:-1\" \/>\n<link rel=\"canonical\" href=\"https:\/\/primer-impacto.com\/cat\/tendencias-para-la-rutina-de-belleza\/\" \/>\n<meta property=\"og:locale\" content=\"ca_ES\" \/>\n<meta property=\"og:type\" content=\"article\" \/>\n<meta property=\"og:title\" content=\"Tendencias para la rutina de belleza - Primer impacto\" \/>\n<meta property=\"og:description\" content=\"Descubre c\u00f3mo la sostenibilidad y el cuidado personal influyen en las compras de belleza en Espa\u00f1a. \u00a1Infograf\u00eda imperdible!\" \/>\n<meta property=\"og:url\" content=\"https:\/\/primer-impacto.com\/cat\/tendencias-para-la-rutina-de-belleza\/\" \/>\n<meta property=\"og:site_name\" content=\"Primer impacto\" \/>\n<meta property=\"article:published_time\" content=\"2022-07-17T05:10:07+00:00\" \/>\n<meta property=\"article:modified_time\" content=\"2024-06-04T13:14:38+00:00\" \/>\n<meta property=\"og:image\" content=\"https:\/\/primer-impacto.com\/wp-content\/uploads\/2022\/07\/Portadas-2-39.png\" \/>\n\t<meta property=\"og:image:width\" content=\"800\" \/>\n\t<meta property=\"og:image:height\" content=\"600\" \/>\n\t<meta property=\"og:image:type\" content=\"image\/png\" \/>\n<meta name=\"author\" content=\"pmuro\" \/>\n<meta name=\"twitter:card\" content=\"summary_large_image\" \/>\n<meta name=\"twitter:label1\" content=\"Escrit per\" \/>\n\t<meta name=\"twitter:data1\" content=\"pmuro\" \/>\n\t<meta name=\"twitter:label2\" content=\"Temps estimat de lectura\" \/>\n\t<meta name=\"twitter:data2\" content=\"1 minut\" \/>\n<script type=\"application\/ld+json\" class=\"yoast-schema-graph\">{\"@context\":\"https:\/\/schema.org\",\"@graph\":[{\"@type\":\"Article\",\"@id\":\"https:\/\/primer-impacto.com\/tendencias-para-la-rutina-de-belleza\/#article\",\"isPartOf\":{\"@id\":\"https:\/\/primer-impacto.com\/tendencias-para-la-rutina-de-belleza\/\"},\"author\":{\"name\":\"pmuro\",\"@id\":\"https:\/\/primer-impacto.com\/#\/schema\/person\/852b6479b0f9c213af66f74267019d5f\"},\"headline\":\"Tendencias para la rutina de belleza\",\"datePublished\":\"2022-07-17T05:10:07+00:00\",\"dateModified\":\"2024-06-04T13:14:38+00:00\",\"mainEntityOfPage\":{\"@id\":\"https:\/\/primer-impacto.com\/tendencias-para-la-rutina-de-belleza\/\"},\"wordCount\":95,\"publisher\":{\"@id\":\"https:\/\/primer-impacto.com\/#organization\"},\"image\":{\"@id\":\"https:\/\/primer-impacto.com\/tendencias-para-la-rutina-de-belleza\/#primaryimage\"},\"thumbnailUrl\":\"https:\/\/primer-impacto.com\/wp-content\/uploads\/2022\/07\/Portadas-2-39.png\",\"keywords\":[\"Infograf\u00eda\"],\"articleSection\":[\"Formaci\u00f3n PDV\",\"Gesti\u00f3n del PDV\",\"Redes Comerciales\"],\"inLanguage\":\"ca\"},{\"@type\":\"WebPage\",\"@id\":\"https:\/\/primer-impacto.com\/tendencias-para-la-rutina-de-belleza\/\",\"url\":\"https:\/\/primer-impacto.com\/tendencias-para-la-rutina-de-belleza\/\",\"name\":\"Tendencias para la rutina de belleza - Primer impacto\",\"isPartOf\":{\"@id\":\"https:\/\/primer-impacto.com\/#website\"},\"primaryImageOfPage\":{\"@id\":\"https:\/\/primer-impacto.com\/tendencias-para-la-rutina-de-belleza\/#primaryimage\"},\"image\":{\"@id\":\"https:\/\/primer-impacto.com\/tendencias-para-la-rutina-de-belleza\/#primaryimage\"},\"thumbnailUrl\":\"https:\/\/primer-impacto.com\/wp-content\/uploads\/2022\/07\/Portadas-2-39.png\",\"datePublished\":\"2022-07-17T05:10:07+00:00\",\"dateModified\":\"2024-06-04T13:14:38+00:00\",\"description\":\"Descubre c\u00f3mo la sostenibilidad y el cuidado personal influyen en las compras de belleza en Espa\u00f1a. \u00a1Infograf\u00eda imperdible!\",\"breadcrumb\":{\"@id\":\"https:\/\/primer-impacto.com\/tendencias-para-la-rutina-de-belleza\/#breadcrumb\"},\"inLanguage\":\"ca\",\"potentialAction\":[{\"@type\":\"ReadAction\",\"target\":[\"https:\/\/primer-impacto.com\/tendencias-para-la-rutina-de-belleza\/\"]}]},{\"@type\":\"ImageObject\",\"inLanguage\":\"ca\",\"@id\":\"https:\/\/primer-impacto.com\/tendencias-para-la-rutina-de-belleza\/#primaryimage\",\"url\":\"https:\/\/primer-impacto.com\/wp-content\/uploads\/2022\/07\/Portadas-2-39.png\",\"contentUrl\":\"https:\/\/primer-impacto.com\/wp-content\/uploads\/2022\/07\/Portadas-2-39.png\",\"width\":800,\"height\":600,\"caption\":\"cosm\u00e9tica\"},{\"@type\":\"BreadcrumbList\",\"@id\":\"https:\/\/primer-impacto.com\/tendencias-para-la-rutina-de-belleza\/#breadcrumb\",\"itemListElement\":[{\"@type\":\"ListItem\",\"position\":1,\"name\":\"Portada\",\"item\":\"https:\/\/primer-impacto.com\/\"},{\"@type\":\"ListItem\",\"position\":2,\"name\":\"Tendencias para la rutina de belleza\"}]},{\"@type\":\"WebSite\",\"@id\":\"https:\/\/primer-impacto.com\/#website\",\"url\":\"https:\/\/primer-impacto.com\/\",\"name\":\"Primer impacto\",\"description\":\"Especialistas en servicios en el Punto de Venta\",\"publisher\":{\"@id\":\"https:\/\/primer-impacto.com\/#organization\"},\"potentialAction\":[{\"@type\":\"SearchAction\",\"target\":{\"@type\":\"EntryPoint\",\"urlTemplate\":\"https:\/\/primer-impacto.com\/?s={search_term_string}\"},\"query-input\":\"required name=search_term_string\"}],\"inLanguage\":\"ca\"},{\"@type\":\"Organization\",\"@id\":\"https:\/\/primer-impacto.com\/#organization\",\"name\":\"Primer Impacto\",\"url\":\"https:\/\/primer-impacto.com\/\",\"logo\":{\"@type\":\"ImageObject\",\"inLanguage\":\"ca\",\"@id\":\"https:\/\/primer-impacto.com\/#\/schema\/logo\/image\/\",\"url\":\"https:\/\/primer-impacto.com\/wp-content\/uploads\/2022\/07\/logo_pi.png\",\"contentUrl\":\"https:\/\/primer-impacto.com\/wp-content\/uploads\/2022\/07\/logo_pi.png\",\"width\":377,\"height\":377,\"caption\":\"Primer Impacto\"},\"image\":{\"@id\":\"https:\/\/primer-impacto.com\/#\/schema\/logo\/image\/\"}},{\"@type\":\"Person\",\"@id\":\"https:\/\/primer-impacto.com\/#\/schema\/person\/852b6479b0f9c213af66f74267019d5f\",\"name\":\"pmuro\",\"image\":{\"@type\":\"ImageObject\",\"inLanguage\":\"ca\",\"@id\":\"https:\/\/primer-impacto.com\/#\/schema\/person\/image\/\",\"url\":\"https:\/\/secure.gravatar.com\/avatar\/bc82fe487f734aa3e8deb2885456d1c8e108cff0d3d3f9310ca738cfad191490?s=96&d=mm&r=g\",\"contentUrl\":\"https:\/\/secure.gravatar.com\/avatar\/bc82fe487f734aa3e8deb2885456d1c8e108cff0d3d3f9310ca738cfad191490?s=96&d=mm&r=g\",\"caption\":\"pmuro\"}}]}<\/script>\n<!-- \/ Yoast SEO plugin. -->","yoast_head_json":{"title":"Tendencias para la rutina de belleza - Primer impacto","description":"Descubre c\u00f3mo la sostenibilidad y el cuidado personal influyen en las compras de belleza en Espa\u00f1a. \u00a1Infograf\u00eda imperdible!","robots":{"index":"index","follow":"follow","max-snippet":"max-snippet:-1","max-image-preview":"max-image-preview:large","max-video-preview":"max-video-preview:-1"},"canonical":"https:\/\/primer-impacto.com\/cat\/tendencias-para-la-rutina-de-belleza\/","og_locale":"ca_ES","og_type":"article","og_title":"Tendencias para la rutina de belleza - Primer impacto","og_description":"Descubre c\u00f3mo la sostenibilidad y el cuidado personal influyen en las compras de belleza en Espa\u00f1a. \u00a1Infograf\u00eda imperdible!","og_url":"https:\/\/primer-impacto.com\/cat\/tendencias-para-la-rutina-de-belleza\/","og_site_name":"Primer impacto","article_published_time":"2022-07-17T05:10:07+00:00","article_modified_time":"2024-06-04T13:14:38+00:00","og_image":[{"width":800,"height":600,"url":"https:\/\/primer-impacto.com\/wp-content\/uploads\/2022\/07\/Portadas-2-39.png","type":"image\/png"}],"author":"pmuro","twitter_card":"summary_large_image","twitter_misc":{"Escrit per":"pmuro","Temps estimat de lectura":"1 minut"},"schema":{"@context":"https:\/\/schema.org","@graph":[{"@type":"Article","@id":"https:\/\/primer-impacto.com\/tendencias-para-la-rutina-de-belleza\/#article","isPartOf":{"@id":"https:\/\/primer-impacto.com\/tendencias-para-la-rutina-de-belleza\/"},"author":{"name":"pmuro","@id":"https:\/\/primer-impacto.com\/#\/schema\/person\/852b6479b0f9c213af66f74267019d5f"},"headline":"Tendencias para la rutina de belleza","datePublished":"2022-07-17T05:10:07+00:00","dateModified":"2024-06-04T13:14:38+00:00","mainEntityOfPage":{"@id":"https:\/\/primer-impacto.com\/tendencias-para-la-rutina-de-belleza\/"},"wordCount":95,"publisher":{"@id":"https:\/\/primer-impacto.com\/#organization"},"image":{"@id":"https:\/\/primer-impacto.com\/tendencias-para-la-rutina-de-belleza\/#primaryimage"},"thumbnailUrl":"https:\/\/primer-impacto.com\/wp-content\/uploads\/2022\/07\/Portadas-2-39.png","keywords":["Infograf\u00eda"],"articleSection":["Formaci\u00f3n PDV","Gesti\u00f3n del PDV","Redes Comerciales"],"inLanguage":"ca"},{"@type":"WebPage","@id":"https:\/\/primer-impacto.com\/tendencias-para-la-rutina-de-belleza\/","url":"https:\/\/primer-impacto.com\/tendencias-para-la-rutina-de-belleza\/","name":"Tendencias para la rutina de belleza - Primer impacto","isPartOf":{"@id":"https:\/\/primer-impacto.com\/#website"},"primaryImageOfPage":{"@id":"https:\/\/primer-impacto.com\/tendencias-para-la-rutina-de-belleza\/#primaryimage"},"image":{"@id":"https:\/\/primer-impacto.com\/tendencias-para-la-rutina-de-belleza\/#primaryimage"},"thumbnailUrl":"https:\/\/primer-impacto.com\/wp-content\/uploads\/2022\/07\/Portadas-2-39.png","datePublished":"2022-07-17T05:10:07+00:00","dateModified":"2024-06-04T13:14:38+00:00","description":"Descubre c\u00f3mo la sostenibilidad y el cuidado personal influyen en las compras de belleza en Espa\u00f1a. \u00a1Infograf\u00eda imperdible!","breadcrumb":{"@id":"https:\/\/primer-impacto.com\/tendencias-para-la-rutina-de-belleza\/#breadcrumb"},"inLanguage":"ca","potentialAction":[{"@type":"ReadAction","target":["https:\/\/primer-impacto.com\/tendencias-para-la-rutina-de-belleza\/"]}]},{"@type":"ImageObject","inLanguage":"ca","@id":"https:\/\/primer-impacto.com\/tendencias-para-la-rutina-de-belleza\/#primaryimage","url":"https:\/\/primer-impacto.com\/wp-content\/uploads\/2022\/07\/Portadas-2-39.png","contentUrl":"https:\/\/primer-impacto.com\/wp-content\/uploads\/2022\/07\/Portadas-2-39.png","width":800,"height":600,"caption":"cosm\u00e9tica"},{"@type":"BreadcrumbList","@id":"https:\/\/primer-impacto.com\/tendencias-para-la-rutina-de-belleza\/#breadcrumb","itemListElement":[{"@type":"ListItem","position":1,"name":"Portada","item":"https:\/\/primer-impacto.com\/"},{"@type":"ListItem","position":2,"name":"Tendencias para la rutina de belleza"}]},{"@type":"WebSite","@id":"https:\/\/primer-impacto.com\/#website","url":"https:\/\/primer-impacto.com\/","name":"Primer impacto","description":"Especialistas en servicios en el Punto de Venta","publisher":{"@id":"https:\/\/primer-impacto.com\/#organization"},"potentialAction":[{"@type":"SearchAction","target":{"@type":"EntryPoint","urlTemplate":"https:\/\/primer-impacto.com\/?s={search_term_string}"},"query-input":"required name=search_term_string"}],"inLanguage":"ca"},{"@type":"Organization","@id":"https:\/\/primer-impacto.com\/#organization","name":"Primer Impacto","url":"https:\/\/primer-impacto.com\/","logo":{"@type":"ImageObject","inLanguage":"ca","@id":"https:\/\/primer-impacto.com\/#\/schema\/logo\/image\/","url":"https:\/\/primer-impacto.com\/wp-content\/uploads\/2022\/07\/logo_pi.png","contentUrl":"https:\/\/primer-impacto.com\/wp-content\/uploads\/2022\/07\/logo_pi.png","width":377,"height":377,"caption":"Primer Impacto"},"image":{"@id":"https:\/\/primer-impacto.com\/#\/schema\/logo\/image\/"}},{"@type":"Person","@id":"https:\/\/primer-impacto.com\/#\/schema\/person\/852b6479b0f9c213af66f74267019d5f","name":"pmuro","image":{"@type":"ImageObject","inLanguage":"ca","@id":"https:\/\/primer-impacto.com\/#\/schema\/person\/image\/","url":"https:\/\/secure.gravatar.com\/avatar\/bc82fe487f734aa3e8deb2885456d1c8e108cff0d3d3f9310ca738cfad191490?s=96&d=mm&r=g","contentUrl":"https:\/\/secure.gravatar.com\/avatar\/bc82fe487f734aa3e8deb2885456d1c8e108cff0d3d3f9310ca738cfad191490?s=96&d=mm&r=g","caption":"pmuro"}}]}},"_links":{"self":[{"href":"https:\/\/primer-impacto.com\/cat\/wp-json\/wp\/v2\/posts\/3575","targetHints":{"allow":["GET"]}}],"collection":[{"href":"https:\/\/primer-impacto.com\/cat\/wp-json\/wp\/v2\/posts"}],"about":[{"href":"https:\/\/primer-impacto.com\/cat\/wp-json\/wp\/v2\/types\/post"}],"author":[{"embeddable":true,"href":"https:\/\/primer-impacto.com\/cat\/wp-json\/wp\/v2\/users\/2"}],"replies":[{"embeddable":true,"href":"https:\/\/primer-impacto.com\/cat\/wp-json\/wp\/v2\/comments?post=3575"}],"version-history":[{"count":3,"href":"https:\/\/primer-impacto.com\/cat\/wp-json\/wp\/v2\/posts\/3575\/revisions"}],"predecessor-version":[{"id":5626,"href":"https:\/\/primer-impacto.com\/cat\/wp-json\/wp\/v2\/posts\/3575\/revisions\/5626"}],"wp:featuredmedia":[{"embeddable":true,"href":"https:\/\/primer-impacto.com\/cat\/wp-json\/wp\/v2\/media\/4149"}],"wp:attachment":[{"href":"https:\/\/primer-impacto.com\/cat\/wp-json\/wp\/v2\/media?parent=3575"}],"wp:term":[{"taxonomy":"category","embeddable":true,"href":"https:\/\/primer-impacto.com\/cat\/wp-json\/wp\/v2\/categories?post=3575"},{"taxonomy":"post_tag","embeddable":true,"href":"https:\/\/primer-impacto.com\/cat\/wp-json\/wp\/v2\/tags?post=3575"}],"curies":[{"name":"wp","href":"https:\/\/api.w.org\/{rel}","templated":true}]}}