{"id":3232,"date":"2020-03-06T14:40:11","date_gmt":"2020-03-06T14:40:11","guid":{"rendered":"https:\/\/primer-impacto.com\/?p=1653"},"modified":"2024-03-05T15:14:35","modified_gmt":"2024-03-05T15:14:35","slug":"implantando-valores","status":"publish","type":"post","link":"https:\/\/primer-impacto.com\/cat\/implantando-valores\/","title":{"rendered":"Implantando valores"},"content":{"rendered":"<h4 style=\"text-align: center;\">Primer impacto sigue colaborando en la formaci\u00f3n de ni\u00f1os y ni\u00f1as contra la crisis clim\u00e1tica.<\/h4>\n<h4 style=\"text-align: center;\">En esta ocasi\u00f3n fuero 35 los alumnos de la escuela Can Palmer en Viladecans (Barcelona) los que participaron en el taller de capacitaci\u00f3n ambiental.<\/h4>\n<p><img fetchpriority=\"high\" decoding=\"async\" class=\"size-large wp-image-1746 aligncenter\" src=\"https:\/\/primer-impacto.com\/wp-content\/uploads\/2020\/01\/Anotacion-2020-03-06-142241-1024x780.jpg\" alt=\"\" width=\"1024\" height=\"780\" \/><\/p>\n<p>Desde primer impacto seguimos colaborando con Plant-for-the-Planet en la formaci\u00f3n de ni\u00f1os y ni\u00f1as como Embajadores de la lucha contra el cambio clim\u00e1tico.<\/p>\n<p>El pasado jueves 27 de febrero, acudimos a la escuela Can Palmer de Viladecans para apoyar en la concienciaci\u00f3n de ni\u00f1os y ni\u00f1as en la necesidad de dar un giro al tratamiento que estamos dando al planeta en el que vivimos.<\/p>\n<p>Nos dividimos en 4 grupos y empezamos las actividades con juegos participativos para iniciar el camino hacia la zona de plantaci\u00f3n de una manera divertida.<\/p>\n<p>Una vez en la riera de Sant Climent comenzamos la plantaci\u00f3n. Se explic\u00f3 al grupo las normas de seguridad para poder realizar la actividad con garant\u00edas y conseguir una plantaci\u00f3n responsable. Durante la plantaci\u00f3n nos ayud\u00f3 un miembro de la brigada de Parques i jardines de Viladecans.<\/p>\n<p>En total plantamos 73 plantas entre \u00e1lamos (2), romeros (17) y juncos (54).<\/p>\n<p>Una vez finalizada la plantaci\u00f3n, Plant for the Planet hizo entrega de los certificados de embajador a cada uno de los ni\u00f1os.<\/p>\n<p>La Red de Embajadores por la Justicia Clim\u00e1tica de Plant-for-the-Planet tiene como objetivo principal conseguir que j\u00f3venes de todo el mundo trabajen para solucionar el cambio clim\u00e1tico a partir de reducir las emisiones de gases de efecto invernadero, mantener el calentamiento global del planeta por debajo de los 2\u00baC y plantar 1 trill\u00f3n de \u00e1rboles en todo el mundo.<\/p>\n<p>Seguimos<\/p>\n<p>Gracias<\/p>\n<p>primer impacto<\/p>","protected":false},"excerpt":{"rendered":"<p>Primer impacto sigue colaborando en la formaci\u00f3n de ni\u00f1os y ni\u00f1as contra la crisis clim\u00e1tica. En esta ocasi\u00f3n fuero 35 los alumnos de la escuela Can Palmer en Viladecans (Barcelona) los que participaron en el taller de capacitaci\u00f3n ambiental. Desde primer impacto seguimos colaborando con Plant-for-the-Planet en la formaci\u00f3n de ni\u00f1os y ni\u00f1as como Embajadores [&hellip;]<\/p>","protected":false},"author":1,"featured_media":3117,"comment_status":"closed","ping_status":"open","sticky":false,"template":"","format":"aside","meta":{"inline_featured_image":false,"footnotes":""},"categories":[261],"tags":[265],"class_list":["post-3232","post","type-post","status-publish","format-aside","has-post-thumbnail","hentry","category-sostenibilidad","tag-notas-de-blog","post_format-post-format-aside"],"yoast_head":"<!-- This site is optimized with the Yoast SEO plugin v22.9 - https:\/\/yoast.com\/wordpress\/plugins\/seo\/ -->\n<title>Implantando valores - Primer impacto<\/title>\n<meta name=\"description\" content=\"Acomp\u00e1\u00f1anos mientras sembramos conciencia y \u00e1rboles: en esta ocasi\u00f3n, plantamos 73 ejemplares, desde \u00e1lamos hasta romeros y juncos.\" \/>\n<meta name=\"robots\" content=\"index, follow, max-snippet:-1, max-image-preview:large, max-video-preview:-1\" \/>\n<link rel=\"canonical\" href=\"https:\/\/primer-impacto.com\/cat\/implantando-valores\/\" \/>\n<meta property=\"og:locale\" content=\"ca_ES\" \/>\n<meta property=\"og:type\" content=\"article\" \/>\n<meta property=\"og:title\" content=\"Implantando valores - Primer impacto\" \/>\n<meta property=\"og:description\" content=\"Acomp\u00e1\u00f1anos mientras sembramos conciencia y \u00e1rboles: en esta ocasi\u00f3n, plantamos 73 ejemplares, desde \u00e1lamos hasta romeros y juncos.\" \/>\n<meta property=\"og:url\" content=\"https:\/\/primer-impacto.com\/cat\/implantando-valores\/\" \/>\n<meta property=\"og:site_name\" content=\"Primer impacto\" \/>\n<meta property=\"article:published_time\" content=\"2020-03-06T14:40:11+00:00\" \/>\n<meta property=\"article:modified_time\" content=\"2024-03-05T15:14:35+00:00\" \/>\n<meta property=\"og:image\" content=\"https:\/\/primer-impacto.com\/wp-content\/uploads\/2020\/01\/Anotacion-2020-03-06-142241.jpg\" \/>\n\t<meta property=\"og:image:width\" content=\"1199\" \/>\n\t<meta property=\"og:image:height\" content=\"913\" \/>\n\t<meta property=\"og:image:type\" content=\"image\/jpeg\" \/>\n<meta name=\"author\" content=\"admin\" \/>\n<meta name=\"twitter:card\" content=\"summary_large_image\" \/>\n<meta name=\"twitter:label1\" content=\"Escrit per\" \/>\n\t<meta name=\"twitter:data1\" content=\"admin\" \/>\n\t<meta name=\"twitter:label2\" content=\"Temps estimat de lectura\" \/>\n\t<meta name=\"twitter:data2\" content=\"1 minut\" \/>\n<script type=\"application\/ld+json\" class=\"yoast-schema-graph\">{\"@context\":\"https:\/\/schema.org\",\"@graph\":[{\"@type\":\"Article\",\"@id\":\"https:\/\/primer-impacto.com\/implantando-valores\/#article\",\"isPartOf\":{\"@id\":\"https:\/\/primer-impacto.com\/implantando-valores\/\"},\"author\":{\"name\":\"admin\",\"@id\":\"https:\/\/primer-impacto.com\/#\/schema\/person\/a5fde16f13962a866147b25c0e3f6629\"},\"headline\":\"Implantando valores\",\"datePublished\":\"2020-03-06T14:40:11+00:00\",\"dateModified\":\"2024-03-05T15:14:35+00:00\",\"mainEntityOfPage\":{\"@id\":\"https:\/\/primer-impacto.com\/implantando-valores\/\"},\"wordCount\":291,\"publisher\":{\"@id\":\"https:\/\/primer-impacto.com\/#organization\"},\"image\":{\"@id\":\"https:\/\/primer-impacto.com\/implantando-valores\/#primaryimage\"},\"thumbnailUrl\":\"https:\/\/primer-impacto.com\/wp-content\/uploads\/2020\/01\/Anotacion-2020-03-06-142241.jpg\",\"keywords\":[\"Notas de Blog\"],\"articleSection\":[\"Sostenibilidad\"],\"inLanguage\":\"ca\"},{\"@type\":\"WebPage\",\"@id\":\"https:\/\/primer-impacto.com\/implantando-valores\/\",\"url\":\"https:\/\/primer-impacto.com\/implantando-valores\/\",\"name\":\"Implantando valores - Primer impacto\",\"isPartOf\":{\"@id\":\"https:\/\/primer-impacto.com\/#website\"},\"primaryImageOfPage\":{\"@id\":\"https:\/\/primer-impacto.com\/implantando-valores\/#primaryimage\"},\"image\":{\"@id\":\"https:\/\/primer-impacto.com\/implantando-valores\/#primaryimage\"},\"thumbnailUrl\":\"https:\/\/primer-impacto.com\/wp-content\/uploads\/2020\/01\/Anotacion-2020-03-06-142241.jpg\",\"datePublished\":\"2020-03-06T14:40:11+00:00\",\"dateModified\":\"2024-03-05T15:14:35+00:00\",\"description\":\"Acomp\u00e1\u00f1anos mientras sembramos conciencia y \u00e1rboles: en esta ocasi\u00f3n, plantamos 73 ejemplares, desde \u00e1lamos hasta romeros y juncos.\",\"breadcrumb\":{\"@id\":\"https:\/\/primer-impacto.com\/implantando-valores\/#breadcrumb\"},\"inLanguage\":\"ca\",\"potentialAction\":[{\"@type\":\"ReadAction\",\"target\":[\"https:\/\/primer-impacto.com\/implantando-valores\/\"]}]},{\"@type\":\"ImageObject\",\"inLanguage\":\"ca\",\"@id\":\"https:\/\/primer-impacto.com\/implantando-valores\/#primaryimage\",\"url\":\"https:\/\/primer-impacto.com\/wp-content\/uploads\/2020\/01\/Anotacion-2020-03-06-142241.jpg\",\"contentUrl\":\"https:\/\/primer-impacto.com\/wp-content\/uploads\/2020\/01\/Anotacion-2020-03-06-142241.jpg\",\"width\":1199,\"height\":913},{\"@type\":\"BreadcrumbList\",\"@id\":\"https:\/\/primer-impacto.com\/implantando-valores\/#breadcrumb\",\"itemListElement\":[{\"@type\":\"ListItem\",\"position\":1,\"name\":\"Portada\",\"item\":\"https:\/\/primer-impacto.com\/\"},{\"@type\":\"ListItem\",\"position\":2,\"name\":\"Implantando valores\"}]},{\"@type\":\"WebSite\",\"@id\":\"https:\/\/primer-impacto.com\/#website\",\"url\":\"https:\/\/primer-impacto.com\/\",\"name\":\"Primer impacto\",\"description\":\"Especialistas en servicios en el Punto de Venta\",\"publisher\":{\"@id\":\"https:\/\/primer-impacto.com\/#organization\"},\"potentialAction\":[{\"@type\":\"SearchAction\",\"target\":{\"@type\":\"EntryPoint\",\"urlTemplate\":\"https:\/\/primer-impacto.com\/?s={search_term_string}\"},\"query-input\":\"required name=search_term_string\"}],\"inLanguage\":\"ca\"},{\"@type\":\"Organization\",\"@id\":\"https:\/\/primer-impacto.com\/#organization\",\"name\":\"Primer Impacto\",\"url\":\"https:\/\/primer-impacto.com\/\",\"logo\":{\"@type\":\"ImageObject\",\"inLanguage\":\"ca\",\"@id\":\"https:\/\/primer-impacto.com\/#\/schema\/logo\/image\/\",\"url\":\"https:\/\/primer-impacto.com\/wp-content\/uploads\/2022\/07\/logo_pi.png\",\"contentUrl\":\"https:\/\/primer-impacto.com\/wp-content\/uploads\/2022\/07\/logo_pi.png\",\"width\":377,\"height\":377,\"caption\":\"Primer Impacto\"},\"image\":{\"@id\":\"https:\/\/primer-impacto.com\/#\/schema\/logo\/image\/\"}},{\"@type\":\"Person\",\"@id\":\"https:\/\/primer-impacto.com\/#\/schema\/person\/a5fde16f13962a866147b25c0e3f6629\",\"name\":\"admin\",\"image\":{\"@type\":\"ImageObject\",\"inLanguage\":\"ca\",\"@id\":\"https:\/\/primer-impacto.com\/#\/schema\/person\/image\/\",\"url\":\"https:\/\/secure.gravatar.com\/avatar\/9d4580a48cd1910cc51e0dfd3fd063c0caadea953e64fb47c872043d240ffeab?s=96&d=mm&r=g\",\"contentUrl\":\"https:\/\/secure.gravatar.com\/avatar\/9d4580a48cd1910cc51e0dfd3fd063c0caadea953e64fb47c872043d240ffeab?s=96&d=mm&r=g\",\"caption\":\"admin\"},\"sameAs\":[\"https:\/\/primer-impacto.com\"]}]}<\/script>\n<!-- \/ Yoast SEO plugin. -->","yoast_head_json":{"title":"Implantando valores - Primer impacto","description":"Acomp\u00e1\u00f1anos mientras sembramos conciencia y \u00e1rboles: en esta ocasi\u00f3n, plantamos 73 ejemplares, desde \u00e1lamos hasta romeros y juncos.","robots":{"index":"index","follow":"follow","max-snippet":"max-snippet:-1","max-image-preview":"max-image-preview:large","max-video-preview":"max-video-preview:-1"},"canonical":"https:\/\/primer-impacto.com\/cat\/implantando-valores\/","og_locale":"ca_ES","og_type":"article","og_title":"Implantando valores - Primer impacto","og_description":"Acomp\u00e1\u00f1anos mientras sembramos conciencia y \u00e1rboles: en esta ocasi\u00f3n, plantamos 73 ejemplares, desde \u00e1lamos hasta romeros y juncos.","og_url":"https:\/\/primer-impacto.com\/cat\/implantando-valores\/","og_site_name":"Primer impacto","article_published_time":"2020-03-06T14:40:11+00:00","article_modified_time":"2024-03-05T15:14:35+00:00","og_image":[{"width":1199,"height":913,"url":"https:\/\/primer-impacto.com\/wp-content\/uploads\/2020\/01\/Anotacion-2020-03-06-142241.jpg","type":"image\/jpeg"}],"author":"admin","twitter_card":"summary_large_image","twitter_misc":{"Escrit per":"admin","Temps estimat de lectura":"1 minut"},"schema":{"@context":"https:\/\/schema.org","@graph":[{"@type":"Article","@id":"https:\/\/primer-impacto.com\/implantando-valores\/#article","isPartOf":{"@id":"https:\/\/primer-impacto.com\/implantando-valores\/"},"author":{"name":"admin","@id":"https:\/\/primer-impacto.com\/#\/schema\/person\/a5fde16f13962a866147b25c0e3f6629"},"headline":"Implantando valores","datePublished":"2020-03-06T14:40:11+00:00","dateModified":"2024-03-05T15:14:35+00:00","mainEntityOfPage":{"@id":"https:\/\/primer-impacto.com\/implantando-valores\/"},"wordCount":291,"publisher":{"@id":"https:\/\/primer-impacto.com\/#organization"},"image":{"@id":"https:\/\/primer-impacto.com\/implantando-valores\/#primaryimage"},"thumbnailUrl":"https:\/\/primer-impacto.com\/wp-content\/uploads\/2020\/01\/Anotacion-2020-03-06-142241.jpg","keywords":["Notas de Blog"],"articleSection":["Sostenibilidad"],"inLanguage":"ca"},{"@type":"WebPage","@id":"https:\/\/primer-impacto.com\/implantando-valores\/","url":"https:\/\/primer-impacto.com\/implantando-valores\/","name":"Implantando valores - Primer impacto","isPartOf":{"@id":"https:\/\/primer-impacto.com\/#website"},"primaryImageOfPage":{"@id":"https:\/\/primer-impacto.com\/implantando-valores\/#primaryimage"},"image":{"@id":"https:\/\/primer-impacto.com\/implantando-valores\/#primaryimage"},"thumbnailUrl":"https:\/\/primer-impacto.com\/wp-content\/uploads\/2020\/01\/Anotacion-2020-03-06-142241.jpg","datePublished":"2020-03-06T14:40:11+00:00","dateModified":"2024-03-05T15:14:35+00:00","description":"Acomp\u00e1\u00f1anos mientras sembramos conciencia y \u00e1rboles: en esta ocasi\u00f3n, plantamos 73 ejemplares, desde \u00e1lamos hasta romeros y juncos.","breadcrumb":{"@id":"https:\/\/primer-impacto.com\/implantando-valores\/#breadcrumb"},"inLanguage":"ca","potentialAction":[{"@type":"ReadAction","target":["https:\/\/primer-impacto.com\/implantando-valores\/"]}]},{"@type":"ImageObject","inLanguage":"ca","@id":"https:\/\/primer-impacto.com\/implantando-valores\/#primaryimage","url":"https:\/\/primer-impacto.com\/wp-content\/uploads\/2020\/01\/Anotacion-2020-03-06-142241.jpg","contentUrl":"https:\/\/primer-impacto.com\/wp-content\/uploads\/2020\/01\/Anotacion-2020-03-06-142241.jpg","width":1199,"height":913},{"@type":"BreadcrumbList","@id":"https:\/\/primer-impacto.com\/implantando-valores\/#breadcrumb","itemListElement":[{"@type":"ListItem","position":1,"name":"Portada","item":"https:\/\/primer-impacto.com\/"},{"@type":"ListItem","position":2,"name":"Implantando valores"}]},{"@type":"WebSite","@id":"https:\/\/primer-impacto.com\/#website","url":"https:\/\/primer-impacto.com\/","name":"Primer impacto","description":"Especialistas en servicios en el Punto de Venta","publisher":{"@id":"https:\/\/primer-impacto.com\/#organization"},"potentialAction":[{"@type":"SearchAction","target":{"@type":"EntryPoint","urlTemplate":"https:\/\/primer-impacto.com\/?s={search_term_string}"},"query-input":"required name=search_term_string"}],"inLanguage":"ca"},{"@type":"Organization","@id":"https:\/\/primer-impacto.com\/#organization","name":"Primer Impacto","url":"https:\/\/primer-impacto.com\/","logo":{"@type":"ImageObject","inLanguage":"ca","@id":"https:\/\/primer-impacto.com\/#\/schema\/logo\/image\/","url":"https:\/\/primer-impacto.com\/wp-content\/uploads\/2022\/07\/logo_pi.png","contentUrl":"https:\/\/primer-impacto.com\/wp-content\/uploads\/2022\/07\/logo_pi.png","width":377,"height":377,"caption":"Primer Impacto"},"image":{"@id":"https:\/\/primer-impacto.com\/#\/schema\/logo\/image\/"}},{"@type":"Person","@id":"https:\/\/primer-impacto.com\/#\/schema\/person\/a5fde16f13962a866147b25c0e3f6629","name":"admin","image":{"@type":"ImageObject","inLanguage":"ca","@id":"https:\/\/primer-impacto.com\/#\/schema\/person\/image\/","url":"https:\/\/secure.gravatar.com\/avatar\/9d4580a48cd1910cc51e0dfd3fd063c0caadea953e64fb47c872043d240ffeab?s=96&d=mm&r=g","contentUrl":"https:\/\/secure.gravatar.com\/avatar\/9d4580a48cd1910cc51e0dfd3fd063c0caadea953e64fb47c872043d240ffeab?s=96&d=mm&r=g","caption":"admin"},"sameAs":["https:\/\/primer-impacto.com"]}]}},"_links":{"self":[{"href":"https:\/\/primer-impacto.com\/cat\/wp-json\/wp\/v2\/posts\/3232","targetHints":{"allow":["GET"]}}],"collection":[{"href":"https:\/\/primer-impacto.com\/cat\/wp-json\/wp\/v2\/posts"}],"about":[{"href":"https:\/\/primer-impacto.com\/cat\/wp-json\/wp\/v2\/types\/post"}],"author":[{"embeddable":true,"href":"https:\/\/primer-impacto.com\/cat\/wp-json\/wp\/v2\/users\/1"}],"replies":[{"embeddable":true,"href":"https:\/\/primer-impacto.com\/cat\/wp-json\/wp\/v2\/comments?post=3232"}],"version-history":[{"count":2,"href":"https:\/\/primer-impacto.com\/cat\/wp-json\/wp\/v2\/posts\/3232\/revisions"}],"predecessor-version":[{"id":3838,"href":"https:\/\/primer-impacto.com\/cat\/wp-json\/wp\/v2\/posts\/3232\/revisions\/3838"}],"wp:featuredmedia":[{"embeddable":true,"href":"https:\/\/primer-impacto.com\/cat\/wp-json\/wp\/v2\/media\/3117"}],"wp:attachment":[{"href":"https:\/\/primer-impacto.com\/cat\/wp-json\/wp\/v2\/media?parent=3232"}],"wp:term":[{"taxonomy":"category","embeddable":true,"href":"https:\/\/primer-impacto.com\/cat\/wp-json\/wp\/v2\/categories?post=3232"},{"taxonomy":"post_tag","embeddable":true,"href":"https:\/\/primer-impacto.com\/cat\/wp-json\/wp\/v2\/tags?post=3232"}],"curies":[{"name":"wp","href":"https:\/\/api.w.org\/{rel}","templated":true}]}}